{"id":2021,"date":"2018-03-01T17:06:37","date_gmt":"2018-03-01T17:06:37","guid":{"rendered":"http:\/\/www.pazyesperanza.org\/pe\/?p=2021"},"modified":"2018-03-01T17:06:37","modified_gmt":"2018-03-01T17:06:37","slug":"exhortan-al-estado-a-proteger-efectivamente-a-la-ninez","status":"publish","type":"post","link":"https:\/\/www.pazyesperanza.org\/pe\/2018\/03\/exhortan-al-estado-a-proteger-efectivamente-a-la-ninez\/","title":{"rendered":"Exhortan al Estado a proteger efectivamente a la ni\u00f1ez"},"content":{"rendered":"<p>&#8220;Acci\u00f3n por los Ni\u00f1os, Equidad, el Instituto Promoviendo Desarrollo Social y Paz y Esperanza exhortan al Estado a implementar un programa presupuestal dirigido a eliminar la violencia contra la ni\u00f1ez&#8230;y demandan mejoras en la calidad de los servicios de prevenci\u00f3n, protecci\u00f3n, atenci\u00f3n y recuperaci\u00f3n de ni\u00f1as, ni\u00f1os y adolescentes v\u00edctimas y testigos de la violencia sexual&#8221;.<\/p>\n<p><img loading=\"lazy\" decoding=\"async\" class=\" wp-image-2023 aligncenter\" src=\"https:\/\/www.pazyesperanza.org\/\/wp-content\/uploads\/sites\/3\/2018\/03\/documento-1-212x300.jpg\" alt=\"\" width=\"531\" height=\"752\" srcset=\"https:\/\/www.pazyesperanza.org\/pe\/wp-content\/uploads\/sites\/3\/2018\/03\/documento-1-212x300.jpg 212w, https:\/\/www.pazyesperanza.org\/pe\/wp-content\/uploads\/sites\/3\/2018\/03\/documento-1-768x1086.jpg 768w, https:\/\/www.pazyesperanza.org\/pe\/wp-content\/uploads\/sites\/3\/2018\/03\/documento-1-724x1024.jpg 724w, https:\/\/www.pazyesperanza.org\/pe\/wp-content\/uploads\/sites\/3\/2018\/03\/documento-1.jpg 1448w\" sizes=\"auto, (max-width: 531px) 100vw, 531px\" \/><\/p>\n<p><img loading=\"lazy\" decoding=\"async\" class=\" wp-image-2024 aligncenter\" src=\"https:\/\/www.pazyesperanza.org\/\/wp-content\/uploads\/sites\/3\/2018\/03\/documento-2-212x300.jpg\" alt=\"\" width=\"504\" height=\"714\" srcset=\"https:\/\/www.pazyesperanza.org\/pe\/wp-content\/uploads\/sites\/3\/2018\/03\/documento-2-212x300.jpg 212w, https:\/\/www.pazyesperanza.org\/pe\/wp-content\/uploads\/sites\/3\/2018\/03\/documento-2-768x1086.jpg 768w, https:\/\/www.pazyesperanza.org\/pe\/wp-content\/uploads\/sites\/3\/2018\/03\/documento-2-724x1024.jpg 724w\" sizes=\"auto, (max-width: 504px) 100vw, 504px\" \/><\/p>\n","protected":false},"excerpt":{"rendered":"&#8220;Acci\u00f3n por los Ni\u00f1os, Equidad, el Instituto Promoviendo Desarrollo Social y Paz y Esperanza exhortan al Estado a implementar un programa presupuestal dirigido a eliminar la violencia contra la ni\u00f1ez&#8230;y demandan mejoras en la calidad de los servicios de prevenci\u00f3n, protecci\u00f3n, atenci\u00f3n y recuperaci\u00f3n de ni\u00f1as, ni\u00f1os y adolescentes v\u00edctimas y testigos de la violencia sexual&#8221;.","protected":false},"author":2,"featured_media":2022,"comment_status":"open","ping_status":"open","sticky":false,"template":"","format":"standard","meta":{"_monsterinsights_skip_tracking":false,"_monsterinsights_sitenote_active":false,"_monsterinsights_sitenote_note":"","_monsterinsights_sitenote_category":0,"footnotes":""},"categories":[6],"tags":[],"class_list":["post-2021","post","type-post","status-publish","format-standard","has-post-thumbnail","hentry","category-noticias"],"yoast_head":"<!-- This site is optimized with the Yoast SEO plugin v16.3 - https:\/\/yoast.com\/wordpress\/plugins\/seo\/ -->\n<title>Exhortan al Estado a proteger efectivamente a la ni\u00f1ez - Paz y Esperanza Peru<\/title>\n<meta name=\"robots\" content=\"index, follow, max-snippet:-1, max-image-preview:large, max-video-preview:-1\" \/>\n<link rel=\"canonical\" href=\"https:\/\/www.pazyesperanza.org\/pe\/2018\/03\/exhortan-al-estado-a-proteger-efectivamente-a-la-ninez\/\" \/>\n<meta property=\"og:locale\" content=\"es_ES\" \/>\n<meta property=\"og:type\" content=\"article\" \/>\n<meta property=\"og:title\" content=\"Exhortan al Estado a proteger efectivamente a la ni\u00f1ez - Paz y Esperanza Peru\" \/>\n<meta property=\"og:description\" content=\"&#8220;Acci\u00f3n por los Ni\u00f1os, Equidad, el Instituto Promoviendo Desarrollo Social y Paz y Esperanza exhortan al Estado a implementar un programa presupuestal dirigido a eliminar la violencia contra la ni\u00f1ez&#8230;y demandan mejoras en la calidad de los servicios de prevenci\u00f3n, protecci\u00f3n, atenci\u00f3n y recuperaci\u00f3n de ni\u00f1as, ni\u00f1os y adolescentes v\u00edctimas y testigos de la violencia sexual&#8221;.\" \/>\n<meta property=\"og:url\" content=\"https:\/\/www.pazyesperanza.org\/pe\/2018\/03\/exhortan-al-estado-a-proteger-efectivamente-a-la-ninez\/\" \/>\n<meta property=\"og:site_name\" content=\"Paz y Esperanza Peru\" \/>\n<meta property=\"article:published_time\" content=\"2018-03-01T17:06:37+00:00\" \/>\n<meta property=\"og:image\" content=\"https:\/\/www.pazyesperanza.org\/pe\/wp-content\/uploads\/sites\/3\/2018\/03\/documento-3.jpg\" \/>\n\t<meta property=\"og:image:width\" content=\"1343\" \/>\n\t<meta property=\"og:image:height\" content=\"505\" \/>\n<meta name=\"twitter:card\" content=\"summary_large_image\" \/>\n<script type=\"application\/ld+json\" class=\"yoast-schema-graph\">{\"@context\":\"https:\/\/schema.org\",\"@graph\":[{\"@type\":\"WebSite\",\"@id\":\"https:\/\/www.pazyesperanza.org\/pe\/#website\",\"url\":\"https:\/\/www.pazyesperanza.org\/pe\/\",\"name\":\"Paz y Esperanza Peru\",\"description\":\"Apasionados por la justicia\",\"potentialAction\":[{\"@type\":\"SearchAction\",\"target\":\"https:\/\/www.pazyesperanza.org\/pe\/?s={search_term_string}\",\"query-input\":\"required name=search_term_string\"}],\"inLanguage\":\"es\"},{\"@type\":\"ImageObject\",\"@id\":\"https:\/\/www.pazyesperanza.org\/pe\/2018\/03\/exhortan-al-estado-a-proteger-efectivamente-a-la-ninez\/#primaryimage\",\"inLanguage\":\"es\",\"url\":\"https:\/\/www.pazyesperanza.org\/pe\/wp-content\/uploads\/sites\/3\/2018\/03\/documento-3.jpg\",\"contentUrl\":\"https:\/\/www.pazyesperanza.org\/pe\/wp-content\/uploads\/sites\/3\/2018\/03\/documento-3.jpg\",\"width\":1343,\"height\":505},{\"@type\":\"WebPage\",\"@id\":\"https:\/\/www.pazyesperanza.org\/pe\/2018\/03\/exhortan-al-estado-a-proteger-efectivamente-a-la-ninez\/#webpage\",\"url\":\"https:\/\/www.pazyesperanza.org\/pe\/2018\/03\/exhortan-al-estado-a-proteger-efectivamente-a-la-ninez\/\",\"name\":\"Exhortan al Estado a proteger efectivamente a la ni\\u00f1ez - Paz y Esperanza Peru\",\"isPartOf\":{\"@id\":\"https:\/\/www.pazyesperanza.org\/pe\/#website\"},\"primaryImageOfPage\":{\"@id\":\"https:\/\/www.pazyesperanza.org\/pe\/2018\/03\/exhortan-al-estado-a-proteger-efectivamente-a-la-ninez\/#primaryimage\"},\"datePublished\":\"2018-03-01T17:06:37+00:00\",\"dateModified\":\"2018-03-01T17:06:37+00:00\",\"author\":{\"@id\":\"https:\/\/www.pazyesperanza.org\/pe\/#\/schema\/person\/1b8e5f1a43af204d265933fb58d61143\"},\"breadcrumb\":{\"@id\":\"https:\/\/www.pazyesperanza.org\/pe\/2018\/03\/exhortan-al-estado-a-proteger-efectivamente-a-la-ninez\/#breadcrumb\"},\"inLanguage\":\"es\",\"potentialAction\":[{\"@type\":\"ReadAction\",\"target\":[\"https:\/\/www.pazyesperanza.org\/pe\/2018\/03\/exhortan-al-estado-a-proteger-efectivamente-a-la-ninez\/\"]}]},{\"@type\":\"BreadcrumbList\",\"@id\":\"https:\/\/www.pazyesperanza.org\/pe\/2018\/03\/exhortan-al-estado-a-proteger-efectivamente-a-la-ninez\/#breadcrumb\",\"itemListElement\":[{\"@type\":\"ListItem\",\"position\":1,\"item\":{\"@type\":\"WebPage\",\"@id\":\"https:\/\/www.pazyesperanza.org\/pe\/\",\"url\":\"https:\/\/www.pazyesperanza.org\/pe\/\",\"name\":\"Portada\"}},{\"@type\":\"ListItem\",\"position\":2,\"item\":{\"@id\":\"https:\/\/www.pazyesperanza.org\/pe\/2018\/03\/exhortan-al-estado-a-proteger-efectivamente-a-la-ninez\/#webpage\"}}]},{\"@type\":\"Person\",\"@id\":\"https:\/\/www.pazyesperanza.org\/pe\/#\/schema\/person\/1b8e5f1a43af204d265933fb58d61143\",\"name\":\"Admin\",\"image\":{\"@type\":\"ImageObject\",\"@id\":\"https:\/\/www.pazyesperanza.org\/pe\/#personlogo\",\"inLanguage\":\"es\",\"url\":\"https:\/\/secure.gravatar.com\/avatar\/ac2d6a254446d2b98644bd7cf682173cb3b004ccb2843469d964b6c7994830fd?s=96&d=mm&r=g\",\"contentUrl\":\"https:\/\/secure.gravatar.com\/avatar\/ac2d6a254446d2b98644bd7cf682173cb3b004ccb2843469d964b6c7994830fd?s=96&d=mm&r=g\",\"caption\":\"Admin\"},\"url\":\"https:\/\/www.pazyesperanza.org\/pe\/author\/sarvia\/\"}]}<\/script>\n<!-- \/ Yoast SEO plugin. -->","_links":{"self":[{"href":"https:\/\/www.pazyesperanza.org\/pe\/wp-json\/wp\/v2\/posts\/2021","targetHints":{"allow":["GET"]}}],"collection":[{"href":"https:\/\/www.pazyesperanza.org\/pe\/wp-json\/wp\/v2\/posts"}],"about":[{"href":"https:\/\/www.pazyesperanza.org\/pe\/wp-json\/wp\/v2\/types\/post"}],"author":[{"embeddable":true,"href":"https:\/\/www.pazyesperanza.org\/pe\/wp-json\/wp\/v2\/users\/2"}],"replies":[{"embeddable":true,"href":"https:\/\/www.pazyesperanza.org\/pe\/wp-json\/wp\/v2\/comments?post=2021"}],"version-history":[{"count":2,"href":"https:\/\/www.pazyesperanza.org\/pe\/wp-json\/wp\/v2\/posts\/2021\/revisions"}],"predecessor-version":[{"id":2026,"href":"https:\/\/www.pazyesperanza.org\/pe\/wp-json\/wp\/v2\/posts\/2021\/revisions\/2026"}],"wp:featuredmedia":[{"embeddable":true,"href":"https:\/\/www.pazyesperanza.org\/pe\/wp-json\/wp\/v2\/media\/2022"}],"wp:attachment":[{"href":"https:\/\/www.pazyesperanza.org\/pe\/wp-json\/wp\/v2\/media?parent=2021"}],"wp:term":[{"taxonomy":"category","embeddable":true,"href":"https:\/\/www.pazyesperanza.org\/pe\/wp-json\/wp\/v2\/categories?post=2021"},{"taxonomy":"post_tag","embeddable":true,"href":"https:\/\/www.pazyesperanza.org\/pe\/wp-json\/wp\/v2\/tags?post=2021"}],"curies":[{"name":"wp","href":"https:\/\/api.w.org\/{rel}","templated":true}]}}