{"id":2089,"date":"2022-02-16T00:01:24","date_gmt":"2022-02-16T00:01:24","guid":{"rendered":"https:\/\/www.pazyesperanza.org\/ec\/?p=2089"},"modified":"2022-02-16T00:01:24","modified_gmt":"2022-02-16T00:01:24","slug":"los-ninos-ninas-y-adolescentes-tambien-tienen-algo-que-decir-estamos-escuchando","status":"publish","type":"post","link":"https:\/\/www.pazyesperanza.org\/ec\/2022\/02\/16\/los-ninos-ninas-y-adolescentes-tambien-tienen-algo-que-decir-estamos-escuchando\/","title":{"rendered":"Los Ni\u00f1os, Ni\u00f1as, y Adolescentes Tambi\u00e9n Tienen Algo que Decir\u2026  \u00bfEstamos Escuchando?"},"content":{"rendered":"<p>&nbsp;<\/p>\n<p><img loading=\"lazy\" decoding=\"async\" class=\" wp-image-2090 alignright\" src=\"https:\/\/www.pazyesperanza.org\/ec\/wp-content\/uploads\/sites\/6\/2022\/02\/WhatsApp-Image-2022-02-15-at-4.40.29-PM-282x300.jpeg\" alt=\"\" width=\"393\" height=\"419\" srcset=\"https:\/\/www.pazyesperanza.org\/ec\/wp-content\/uploads\/sites\/6\/2022\/02\/WhatsApp-Image-2022-02-15-at-4.40.29-PM-282x300.jpeg 282w, https:\/\/www.pazyesperanza.org\/ec\/wp-content\/uploads\/sites\/6\/2022\/02\/WhatsApp-Image-2022-02-15-at-4.40.29-PM-768x817.jpeg 768w, https:\/\/www.pazyesperanza.org\/ec\/wp-content\/uploads\/sites\/6\/2022\/02\/WhatsApp-Image-2022-02-15-at-4.40.29-PM-958x1019.jpeg 958w, https:\/\/www.pazyesperanza.org\/ec\/wp-content\/uploads\/sites\/6\/2022\/02\/WhatsApp-Image-2022-02-15-at-4.40.29-PM.jpeg 963w\" sizes=\"auto, (max-width: 393px) 100vw, 393px\" \/><\/p>\n<p>Este mes de febrero, realizamos, en conjunto con Misi\u00f3n Alianza Noruega, un foro de derechos de los ni\u00f1os, ni\u00f1as, y adolescentes (NNA) por medio de zoom. M\u00e1s que cincuenta personas participaban, m\u00e1s los que vieron por Facebook en vivo. El prop\u00f3sito del foro era que los participando aprendieran m\u00e1s sobre sus derechos, pero m\u00e1s que eso, que vieran que todo el evento fue hecho por sus compa\u00f1eros y compa\u00f1eras: otros NNA. Que estos chicos y chicas actuando como panelistas y moderadores, pudieran ser un ejemplo para todos que los j\u00f3venes puedan expresarse. Como dijo Michael, uno de los moderadores, \u201cNosotros que estamos aqu\u00ed somos pocos NNA, pero estamos representando en verdad bastante NNA\u201d.<\/p>\n<p>&nbsp;<\/p>\n<p>No era f\u00e1cil para ellos alzar sus voces. Ivis, una panelista con 11 a\u00f1os, nos dijo que antes del evento sinti\u00f3 muy nerviosa y preocupada pensando \u201cque van a decir la gente, si est\u00e1 bien o est\u00e1 mal, le gust\u00f3 no le gust\u00f3\u201d; pero despu\u00e9s del evento sent\u00eda \u201ctranquilla ya por haber alzado [su] voz\u201d. Durante las dos semanas antes del evento el equipo de Paz y Esperanza reuni\u00f3 con los participantes, anim\u00e1ndolos y d\u00e1ndoles oportunidades de preparar y practicar sus discursos. El participante m\u00e1s joven dijo, \u201cAl principio me daba mucha verg\u00fcenza porque yo cre\u00eda que no lo iba a lograr.\u201d Michael, quien solo tiene 9 a\u00f1os, reuni\u00f3 media docena de veces con el adulto a cargo de apoyarlo. Hablando de estas reuniones Michael dijo, \u201cEn la practica cuando hablamos, ya all\u00ed yo vi que se me hice m\u00e1s f\u00e1cil, yo ganarse ese conocimiento para enfrentar, para alzar mi voz para los otros ni\u00f1os que no conoc\u00edan sus derechos\u201d.<\/p>\n<p>&nbsp;<\/p>\n<p>Los panelistas y moderadores del evento hab\u00edan participado en una serie de talleres enfocados en sus derechos el a\u00f1o pasado como parte del proyecto Familias Saludables, Libres de Violencia. Por medio de estos 10 talleres, m\u00e1s que setenta NNA del noroeste de Guayaquil aprendieron que son sujetos de derechos como protecci\u00f3n, salud, educaci\u00f3n y recreaci\u00f3n y lo que pueden hacer cuando vean que sus derechos, o los de sus compa\u00f1eros y compa\u00f1eras, est\u00e1n siendo vulnerados.<\/p>\n<p>&nbsp;<\/p>\n<p>Este foro era una oportunidad para profundizar en estos temas y era importante que no fuera otra obra de adultos. Por eso dimos la oportunidad a estos NNA a hacer algo con lo que aprendieron. Una moderadora con 13 a\u00f1os, Arelys, nos dijo, \u201cYo hice algunas entrevistas a unos NNA y no conoc\u00edan sus derechos y eso me daba tristeza por lo que sus derechos estaban completamente siendo vulnerados\u201d. Eso, ella nos dijo, era una gran motivaci\u00f3n para participar en el foro. Su esperanza es que \u201cse sigan haciendo estos foros y no solamente un poquito aqu\u00ed, sino que se puede llegar a mas ni\u00f1os que puedan alzar las voces a otros ni\u00f1os y as\u00ed sucesivamente.\u201d<\/p>\n<p>&nbsp;<\/p>\n<p>Todos los chicos y chicas hablaron muy animadamente de sus esperanzas para el foro. Jonathan, el panelista a cargo del derecho a la participaci\u00f3n, anhela que \u201cno se quede en que hicieron una reuni\u00f3n de zoom y ya, sino que se tome medidas y que puedan ayudar a los dem\u00e1s ni\u00f1os\u201d. Con solo 13 a\u00f1os, vio su participaci\u00f3n como una forma de \u00e1nimo para otros de su edad. \u201cHay ni\u00f1os que son maltratados, son burlados porque hay maltrato f\u00edsico y verbal\u201d dijo con seriedad. \u201cYo creo que el m\u00ednimo ni\u00f1o que haya visto esto y est\u00e9 pasando por algo as\u00ed, \u00e9l va a saber como reaccionar\u201d.<\/p>\n<p>&nbsp;<\/p>\n<p>Seg\u00fan un estudio realizado por Unicef y el Observatorio Social del Ecuador en 2019, 47% de NNA han recibido alg\u00fan tipo de maltrato por parte de sus padres. Esos NNA \u201csufre de insultos, burlas, encierros o sus padres los dejaron sin comer, para impartirles \u2018obediencia y disciplina\u2019\u201d<a href=\"#_ftn1\" name=\"_ftnref1\">[1]<\/a>.\u00a0 Conociendo estas estad\u00edsticas, es probable que alguien escuchando estaba pasando por esta situaci\u00f3n, como propuso Jonathan. Esperamos que lo que comparti\u00f3 Nicole, panelista de 13 a\u00f1os, sobre las herramientas contra la violencia intrafamiliar llegaran a los quienes estaban mirando, igual que las recomendaciones de los comentaristas adultos sobre como acceder apoyo y servicios si uno est\u00e1 sufriendo del maltrato.<\/p>\n<p>&nbsp;<\/p>\n<p>Como fundaci\u00f3n, estamos orgullosos de estos chicos y chicas quienes quieren ayudar a sus pr\u00f3jimos. Aunque son j\u00f3venes, ya est\u00e1n abogando por sus derechos y compartiendo su conocimiento para cambiar, incluso si sea en una manera peque\u00f1a, su pedacito del mundo. Uno de los moderadores lo dijo bien cuando dijo que hay \u201cadultos que dicen \u2018\u00bfpara que escucharlos si ahora son ni\u00f1os, son peque\u00f1os?\u2019\u201d Michael, adolecente con 15 a\u00f1os continu\u00f3, \u201cTenemos que tener en cuenta que dicen que la juventud y la ni\u00f1ez son el futuro de Ecuador y del mundo. Son el futuro\u201d. No nos cuesta mucho visualizar a estos chicos y chicas convirti\u00e9ndose en lideres y lideresas prominentes en sus comunidades y nos alegra haber tenido la oportunidad de animarlos a alzar sus voces. Tenemos confianza que van a seguir haci\u00e9ndolo. Aprendieron que tienen valor y que hay adultos que aprecian sus pensamientos. Ya con esta confianza van a seguir hablando, esperando, como dijo Jonathan, \u201cque [sus] respuestas, [sus] opiniones puedan ser respetados, puedan ser tomados en cuenta\u201d.<\/p>\n<p>&nbsp;<\/p>\n<p>#derechosdelni\u00f1o<\/p>\n<p>#FamiliasSaludables<\/p>\n<p>#maltratoinfantil<\/p>\n<p>#hablaporellos<\/p>\n<p>#crianzarespetuosa<\/p>\n<p>#ecuador<\/p>\n<p>&nbsp;<\/p>\n<p>[1]<em>Para encontrar m\u00e1s informaci\u00f3n acerca del estudio, se puede leer este articulo en Primicias.ec, donde sacamos la informaci\u00f3n citada:\u00a0<\/em><a href=\"https:\/\/www.primicias.ec\/noticias\/sociedad\/ecuador-47-padres-golpea-hijos-disciplina\/\"><em>https:\/\/www.primicias.ec\/noticias\/sociedad\/ecuador-47-padres-golpea-hijos-disciplina\/<\/em><\/a><\/p>\n<p><em>Adem\u00e1s, se puede descargar el estudio por la p\u00e1gina web de UNICEF: <\/em><a href=\"https:\/\/www.unicef.org\/ecuador\/informes\/situaci%C3%B3n-de-la-ni%C3%B1ez-y-adolescencia-en-el-ecuador\"><em>https:\/\/www.unicef.org\/ecuador\/informes\/situaci%C3%B3n-de-la-ni%C3%B1ez-y-adolescencia-en-el-ecuador<\/em><\/a><\/p>\n<p>&nbsp;<\/p>\n<p><a href=\"#_ftnref1\" name=\"_ftn1\"><\/a><\/p>\n","protected":false},"excerpt":{"rendered":"&nbsp; Este mes de febrero, realizamos, en conjunto con Misi\u00f3n Alianza Noruega, un foro de derechos de los ni\u00f1os, ni\u00f1as, y adolescentes (NNA) por medio de zoom. M\u00e1s que cincuenta personas participaban, m\u00e1s los que vieron por Facebook en vivo. El prop\u00f3sito del foro era que los participando aprendieran m\u00e1s sobre sus derechos, pero m\u00e1s que eso, que vieran que todo el evento fue hecho por sus compa\u00f1eros y compa\u00f1eras: otros NNA. Que estos chicos y chicas actuando como panelistas y moderadores, pudieran ser un ejemplo para todos que los j\u00f3venes puedan expresarse. Como dijo Michael, uno de los moderadores, \u201cNosotros que estamos aqu\u00ed somos pocos NNA, pero estamos representando en verdad bastante NNA\u201d. &nbsp; No era f\u00e1cil para ellos alzar sus voces. Ivis, una panelista con 11 a\u00f1os, nos dijo que antes del evento sinti\u00f3 muy nerviosa y preocupada pensando \u201cque van a decir la gente, si est\u00e1 bien o est\u00e1 mal, le gust\u00f3 no le gust\u00f3\u201d; pero despu\u00e9s del evento sent\u00eda \u201ctranquilla ya por haber alzado [su] voz\u201d. Durante las dos semanas antes del evento el equipo de Paz y Esperanza reuni\u00f3 con los participantes, anim\u00e1ndolos y d\u00e1ndoles oportunidades de preparar y practicar sus discursos. El participante m\u00e1s joven dijo, \u201cAl principio me daba mucha verg\u00fcenza porque yo cre\u00eda que no lo iba a lograr.\u201d Michael, quien solo tiene 9 a\u00f1os, reuni\u00f3 media docena de veces con el adulto a cargo de apoyarlo. Hablando de estas reuniones Michael dijo, \u201cEn la practica cuando hablamos, ya all\u00ed yo vi que se me hice m\u00e1s f\u00e1cil, yo ganarse ese conocimiento para enfrentar, para alzar mi voz para los otros ni\u00f1os que no conoc\u00edan sus derechos\u201d. &nbsp; Los panelistas y moderadores del evento hab\u00edan participado en una serie de talleres enfocados en sus derechos el a\u00f1o pasado como parte del proyecto Familias Saludables, Libres de Violencia. Por medio de estos 10 talleres, m\u00e1s que setenta NNA del noroeste de Guayaquil aprendieron que son sujetos de derechos como protecci\u00f3n, salud, educaci\u00f3n y recreaci\u00f3n y lo que pueden hacer cuando vean que sus derechos, o los de sus compa\u00f1eros y compa\u00f1eras, est\u00e1n siendo vulnerados. &nbsp; Este foro era una oportunidad para profundizar en estos temas y era importante que no fuera otra obra de adultos. Por eso dimos la oportunidad a estos NNA a hacer algo con lo que aprendieron. Una moderadora con 13 a\u00f1os, Arelys, nos dijo, \u201cYo hice algunas entrevistas a unos NNA y no conoc\u00edan sus derechos y eso me daba tristeza por lo que sus derechos estaban completamente siendo vulnerados\u201d. Eso, ella nos dijo, era una gran motivaci\u00f3n para participar en el foro. Su esperanza es que \u201cse sigan haciendo estos foros y no solamente un poquito aqu\u00ed, sino que se puede llegar a mas ni\u00f1os que puedan alzar las voces a otros ni\u00f1os y as\u00ed sucesivamente.\u201d &nbsp; Todos los chicos y chicas hablaron muy animadamente de sus esperanzas para el foro. Jonathan, el panelista a cargo del derecho a la participaci\u00f3n, anhela que \u201cno se quede en que hicieron una reuni\u00f3n de zoom y ya, sino que se tome medidas y que puedan ayudar a los dem\u00e1s ni\u00f1os\u201d. [&hellip;]","protected":false},"author":13,"featured_media":0,"comment_status":"open","ping_status":"open","sticky":false,"template":"","format":"standard","meta":{"_monsterinsights_skip_tracking":false,"_monsterinsights_sitenote_active":false,"_monsterinsights_sitenote_note":"","_monsterinsights_sitenote_category":0,"footnotes":""},"categories":[6],"tags":[],"class_list":["post-2089","post","type-post","status-publish","format-standard","hentry","category-noticias"],"yoast_head":"<!-- This site is optimized with the Yoast SEO plugin v16.3 - https:\/\/yoast.com\/wordpress\/plugins\/seo\/ -->\n<title>Los Ni\u00f1os, Ni\u00f1as, y Adolescentes Tambi\u00e9n Tienen Algo que Decir\u2026 \u00bfEstamos Escuchando? - Paz y Esperanza Ecuador<\/title>\n<meta name=\"robots\" content=\"index, follow, max-snippet:-1, max-image-preview:large, max-video-preview:-1\" \/>\n<link rel=\"canonical\" href=\"https:\/\/www.pazyesperanza.org\/ec\/2022\/02\/16\/los-ninos-ninas-y-adolescentes-tambien-tienen-algo-que-decir-estamos-escuchando\/\" \/>\n<meta property=\"og:locale\" content=\"en_US\" \/>\n<meta property=\"og:type\" content=\"article\" \/>\n<meta property=\"og:title\" content=\"Los Ni\u00f1os, Ni\u00f1as, y Adolescentes Tambi\u00e9n Tienen Algo que Decir\u2026 \u00bfEstamos Escuchando? - Paz y Esperanza Ecuador\" \/>\n<meta property=\"og:description\" content=\"&nbsp; Este mes de febrero, realizamos, en conjunto con Misi\u00f3n Alianza Noruega, un foro de derechos de los ni\u00f1os, ni\u00f1as, y adolescentes (NNA) por medio de zoom. M\u00e1s que cincuenta personas participaban, m\u00e1s los que vieron por Facebook en vivo. El prop\u00f3sito del foro era que los participando aprendieran m\u00e1s sobre sus derechos, pero m\u00e1s que eso, que vieran que todo el evento fue hecho por sus compa\u00f1eros y compa\u00f1eras: otros NNA. Que estos chicos y chicas actuando como panelistas y moderadores, pudieran ser un ejemplo para todos que los j\u00f3venes puedan expresarse. Como dijo Michael, uno de los moderadores, \u201cNosotros que estamos aqu\u00ed somos pocos NNA, pero estamos representando en verdad bastante NNA\u201d. &nbsp; No era f\u00e1cil para ellos alzar sus voces. Ivis, una panelista con 11 a\u00f1os, nos dijo que antes del evento sinti\u00f3 muy nerviosa y preocupada pensando \u201cque van a decir la gente, si est\u00e1 bien o est\u00e1 mal, le gust\u00f3 no le gust\u00f3\u201d; pero despu\u00e9s del evento sent\u00eda \u201ctranquilla ya por haber alzado [su] voz\u201d. Durante las dos semanas antes del evento el equipo de Paz y Esperanza reuni\u00f3 con los participantes, anim\u00e1ndolos y d\u00e1ndoles oportunidades de preparar y practicar sus discursos. El participante m\u00e1s joven dijo, \u201cAl principio me daba mucha verg\u00fcenza porque yo cre\u00eda que no lo iba a lograr.\u201d Michael, quien solo tiene 9 a\u00f1os, reuni\u00f3 media docena de veces con el adulto a cargo de apoyarlo. Hablando de estas reuniones Michael dijo, \u201cEn la practica cuando hablamos, ya all\u00ed yo vi que se me hice m\u00e1s f\u00e1cil, yo ganarse ese conocimiento para enfrentar, para alzar mi voz para los otros ni\u00f1os que no conoc\u00edan sus derechos\u201d. &nbsp; Los panelistas y moderadores del evento hab\u00edan participado en una serie de talleres enfocados en sus derechos el a\u00f1o pasado como parte del proyecto Familias Saludables, Libres de Violencia. Por medio de estos 10 talleres, m\u00e1s que setenta NNA del noroeste de Guayaquil aprendieron que son sujetos de derechos como protecci\u00f3n, salud, educaci\u00f3n y recreaci\u00f3n y lo que pueden hacer cuando vean que sus derechos, o los de sus compa\u00f1eros y compa\u00f1eras, est\u00e1n siendo vulnerados. &nbsp; Este foro era una oportunidad para profundizar en estos temas y era importante que no fuera otra obra de adultos. Por eso dimos la oportunidad a estos NNA a hacer algo con lo que aprendieron. Una moderadora con 13 a\u00f1os, Arelys, nos dijo, \u201cYo hice algunas entrevistas a unos NNA y no conoc\u00edan sus derechos y eso me daba tristeza por lo que sus derechos estaban completamente siendo vulnerados\u201d. Eso, ella nos dijo, era una gran motivaci\u00f3n para participar en el foro. Su esperanza es que \u201cse sigan haciendo estos foros y no solamente un poquito aqu\u00ed, sino que se puede llegar a mas ni\u00f1os que puedan alzar las voces a otros ni\u00f1os y as\u00ed sucesivamente.\u201d &nbsp; Todos los chicos y chicas hablaron muy animadamente de sus esperanzas para el foro. Jonathan, el panelista a cargo del derecho a la participaci\u00f3n, anhela que \u201cno se quede en que hicieron una reuni\u00f3n de zoom y ya, sino que se tome medidas y que puedan ayudar a los dem\u00e1s ni\u00f1os\u201d. [&hellip;]\" \/>\n<meta property=\"og:url\" content=\"https:\/\/www.pazyesperanza.org\/ec\/2022\/02\/16\/los-ninos-ninas-y-adolescentes-tambien-tienen-algo-que-decir-estamos-escuchando\/\" \/>\n<meta property=\"og:site_name\" content=\"Paz y Esperanza Ecuador\" \/>\n<meta property=\"article:published_time\" content=\"2022-02-16T00:01:24+00:00\" \/>\n<meta property=\"og:image\" content=\"https:\/\/www.pazyesperanza.org\/ec\/wp-content\/uploads\/sites\/6\/2022\/02\/WhatsApp-Image-2022-02-15-at-4.40.29-PM-282x300.jpeg\" \/>\n<meta name=\"twitter:card\" content=\"summary_large_image\" \/>\n<meta name=\"twitter:label1\" content=\"Est. reading time\">\n\t<meta name=\"twitter:data1\" content=\"5 minutes\">\n<script type=\"application\/ld+json\" class=\"yoast-schema-graph\">{\"@context\":\"https:\/\/schema.org\",\"@graph\":[{\"@type\":\"WebSite\",\"@id\":\"https:\/\/www.pazyesperanza.org\/ec\/#website\",\"url\":\"https:\/\/www.pazyesperanza.org\/ec\/\",\"name\":\"Paz y Esperanza Ecuador\",\"description\":\"Apasionados por la justicia\",\"potentialAction\":[{\"@type\":\"SearchAction\",\"target\":\"https:\/\/www.pazyesperanza.org\/ec\/?s={search_term_string}\",\"query-input\":\"required name=search_term_string\"}],\"inLanguage\":\"en-US\"},{\"@type\":\"ImageObject\",\"@id\":\"https:\/\/www.pazyesperanza.org\/ec\/2022\/02\/16\/los-ninos-ninas-y-adolescentes-tambien-tienen-algo-que-decir-estamos-escuchando\/#primaryimage\",\"inLanguage\":\"en-US\",\"url\":\"https:\/\/www.pazyesperanza.org\/ec\/wp-content\/uploads\/sites\/6\/2022\/02\/WhatsApp-Image-2022-02-15-at-4.40.29-PM.jpeg\",\"contentUrl\":\"https:\/\/www.pazyesperanza.org\/ec\/wp-content\/uploads\/sites\/6\/2022\/02\/WhatsApp-Image-2022-02-15-at-4.40.29-PM.jpeg\",\"width\":963,\"height\":1024},{\"@type\":\"WebPage\",\"@id\":\"https:\/\/www.pazyesperanza.org\/ec\/2022\/02\/16\/los-ninos-ninas-y-adolescentes-tambien-tienen-algo-que-decir-estamos-escuchando\/#webpage\",\"url\":\"https:\/\/www.pazyesperanza.org\/ec\/2022\/02\/16\/los-ninos-ninas-y-adolescentes-tambien-tienen-algo-que-decir-estamos-escuchando\/\",\"name\":\"Los Ni\\u00f1os, Ni\\u00f1as, y Adolescentes Tambi\\u00e9n Tienen Algo que Decir\\u2026 \\u00bfEstamos Escuchando? - Paz y Esperanza Ecuador\",\"isPartOf\":{\"@id\":\"https:\/\/www.pazyesperanza.org\/ec\/#website\"},\"primaryImageOfPage\":{\"@id\":\"https:\/\/www.pazyesperanza.org\/ec\/2022\/02\/16\/los-ninos-ninas-y-adolescentes-tambien-tienen-algo-que-decir-estamos-escuchando\/#primaryimage\"},\"datePublished\":\"2022-02-16T00:01:24+00:00\",\"dateModified\":\"2022-02-16T00:01:24+00:00\",\"author\":{\"@id\":\"https:\/\/www.pazyesperanza.org\/ec\/#\/schema\/person\/df1a7e41e6c64a9fbe82e49266a5489d\"},\"breadcrumb\":{\"@id\":\"https:\/\/www.pazyesperanza.org\/ec\/2022\/02\/16\/los-ninos-ninas-y-adolescentes-tambien-tienen-algo-que-decir-estamos-escuchando\/#breadcrumb\"},\"inLanguage\":\"en-US\",\"potentialAction\":[{\"@type\":\"ReadAction\",\"target\":[\"https:\/\/www.pazyesperanza.org\/ec\/2022\/02\/16\/los-ninos-ninas-y-adolescentes-tambien-tienen-algo-que-decir-estamos-escuchando\/\"]}]},{\"@type\":\"BreadcrumbList\",\"@id\":\"https:\/\/www.pazyesperanza.org\/ec\/2022\/02\/16\/los-ninos-ninas-y-adolescentes-tambien-tienen-algo-que-decir-estamos-escuchando\/#breadcrumb\",\"itemListElement\":[{\"@type\":\"ListItem\",\"position\":1,\"item\":{\"@type\":\"WebPage\",\"@id\":\"https:\/\/www.pazyesperanza.org\/ec\/\",\"url\":\"https:\/\/www.pazyesperanza.org\/ec\/\",\"name\":\"Portada\"}},{\"@type\":\"ListItem\",\"position\":2,\"item\":{\"@id\":\"https:\/\/www.pazyesperanza.org\/ec\/2022\/02\/16\/los-ninos-ninas-y-adolescentes-tambien-tienen-algo-que-decir-estamos-escuchando\/#webpage\"}}]},{\"@type\":\"Person\",\"@id\":\"https:\/\/www.pazyesperanza.org\/ec\/#\/schema\/person\/df1a7e41e6c64a9fbe82e49266a5489d\",\"name\":\"adminecu\",\"image\":{\"@type\":\"ImageObject\",\"@id\":\"https:\/\/www.pazyesperanza.org\/ec\/#personlogo\",\"inLanguage\":\"en-US\",\"url\":\"https:\/\/secure.gravatar.com\/avatar\/b6975496d2b7a258229d6e0a26e43cadb641076033d35f56c317285a3b769a8c?s=96&d=mm&r=g\",\"contentUrl\":\"https:\/\/secure.gravatar.com\/avatar\/b6975496d2b7a258229d6e0a26e43cadb641076033d35f56c317285a3b769a8c?s=96&d=mm&r=g\",\"caption\":\"adminecu\"},\"url\":\"https:\/\/www.pazyesperanza.org\/ec\/author\/adminecu\/\"}]}<\/script>\n<!-- \/ Yoast SEO plugin. -->","_links":{"self":[{"href":"https:\/\/www.pazyesperanza.org\/ec\/wp-json\/wp\/v2\/posts\/2089","targetHints":{"allow":["GET"]}}],"collection":[{"href":"https:\/\/www.pazyesperanza.org\/ec\/wp-json\/wp\/v2\/posts"}],"about":[{"href":"https:\/\/www.pazyesperanza.org\/ec\/wp-json\/wp\/v2\/types\/post"}],"author":[{"embeddable":true,"href":"https:\/\/www.pazyesperanza.org\/ec\/wp-json\/wp\/v2\/users\/13"}],"replies":[{"embeddable":true,"href":"https:\/\/www.pazyesperanza.org\/ec\/wp-json\/wp\/v2\/comments?post=2089"}],"version-history":[{"count":1,"href":"https:\/\/www.pazyesperanza.org\/ec\/wp-json\/wp\/v2\/posts\/2089\/revisions"}],"predecessor-version":[{"id":2091,"href":"https:\/\/www.pazyesperanza.org\/ec\/wp-json\/wp\/v2\/posts\/2089\/revisions\/2091"}],"wp:attachment":[{"href":"https:\/\/www.pazyesperanza.org\/ec\/wp-json\/wp\/v2\/media?parent=2089"}],"wp:term":[{"taxonomy":"category","embeddable":true,"href":"https:\/\/www.pazyesperanza.org\/ec\/wp-json\/wp\/v2\/categories?post=2089"},{"taxonomy":"post_tag","embeddable":true,"href":"https:\/\/www.pazyesperanza.org\/ec\/wp-json\/wp\/v2\/tags?post=2089"}],"curies":[{"name":"wp","href":"https:\/\/api.w.org\/{rel}","templated":true}]}}