{"id":2079,"date":"2022-02-14T17:23:20","date_gmt":"2022-02-14T17:23:20","guid":{"rendered":"https:\/\/www.pazyesperanza.org\/ec\/?p=2079"},"modified":"2022-02-14T19:02:42","modified_gmt":"2022-02-14T19:02:42","slug":"yo-te-escucho-ecuador","status":"publish","type":"post","link":"https:\/\/www.pazyesperanza.org\/ec\/2022\/02\/14\/yo-te-escucho-ecuador\/","title":{"rendered":"YO TE ESCUCHO ECUADOR"},"content":{"rendered":"<h1><img loading=\"lazy\" decoding=\"async\" class=\"wp-image-2081 aligncenter\" src=\"https:\/\/www.pazyesperanza.org\/ec\/wp-content\/uploads\/sites\/6\/2022\/02\/YO-TE-ESCUCHO-ECUADOR1.1-1-300x212.png\" alt=\"\" width=\"200\" height=\"141\" \/><strong><span style=\"font-size: 14pt\">Yo Te Escucho Ecuador es un programa que da soporte emocional, informativo y espiritual a personas y familias vulnerables en el marco de la emergencia sanitaria del Covid-19<\/span><\/strong><\/h1>\n<p>&nbsp;<\/p>\n<p>\u201cA trav\u00e9s de llamadas telef\u00f3nicas y sesiones virtuales gratuitas te escuchamos y orientamos en temas de salud mental y emocional, violencia intrafamiliar y de g\u00e9nero y acompa\u00f1amiento espiritual en el marco de la crisis del Covid-19&#8243;<\/p>\n<h2>\u00bfC\u00f3mo puedo recibir\u00a0<em>acompa\u00f1amiento?<\/em><\/h2>\n<div class=\"col-md-12\">\n<p>Nuestro servicio de consejer\u00eda est\u00e1 abierto al p\u00fablico mayor de 18 a\u00f1os, en particular nos interesa atender a personas en situaci\u00f3n de vulnerabilidad, entre ellas:<\/p>\n<p><img loading=\"lazy\" decoding=\"async\" class=\" wp-image-2080 alignleft\" src=\"https:\/\/www.pazyesperanza.org\/ec\/wp-content\/uploads\/sites\/6\/2022\/02\/PUBLICIDAD1-213x300.png\" alt=\"\" width=\"192\" height=\"270\" srcset=\"https:\/\/www.pazyesperanza.org\/ec\/wp-content\/uploads\/sites\/6\/2022\/02\/PUBLICIDAD1-213x300.png 213w, https:\/\/www.pazyesperanza.org\/ec\/wp-content\/uploads\/sites\/6\/2022\/02\/PUBLICIDAD1-726x1024.png 726w, https:\/\/www.pazyesperanza.org\/ec\/wp-content\/uploads\/sites\/6\/2022\/02\/PUBLICIDAD1-768x1083.png 768w, https:\/\/www.pazyesperanza.org\/ec\/wp-content\/uploads\/sites\/6\/2022\/02\/PUBLICIDAD1-1090x1536.png 1090w, https:\/\/www.pazyesperanza.org\/ec\/wp-content\/uploads\/sites\/6\/2022\/02\/PUBLICIDAD1-958x1350.png 958w, https:\/\/www.pazyesperanza.org\/ec\/wp-content\/uploads\/sites\/6\/2022\/02\/PUBLICIDAD1.png 1240w\" sizes=\"auto, (max-width: 192px) 100vw, 192px\" \/><\/p>\n<ul>\n<li style=\"list-style-type: none\">\n<ul>\n<li>+ Adultos mayores<\/li>\n<li>+ Familias en situaci\u00f3n de pobreza<\/li>\n<li>+ Migrantes y desplazados<\/li>\n<li>+ Mujeres victimas de violencia<\/li>\n<li>+ Personas en situaci\u00f3n de discapacidad<\/li>\n<\/ul>\n<\/li>\n<\/ul>\n<\/div>\n<p>&nbsp;<\/p>\n<div class=\"col-md-12\">\n<h4>Puede comunicarse a la l\u00ednea <strong><em><a href=\"tel:0939525982\">0939525982<\/a><\/em><\/strong>\u00a0o al correo electr\u00f3nico\u00a0<em><a href=\"mailto:contacto@yoteescucho.ec\">contacto@yoteescucho.ec<\/a><\/em> para agendar una cita o recibir atenci\u00f3n inmediata.<\/h4>\n<p>Ll\u00e1manos o escr\u00edbenos a nuestro n\u00famero de apoyo 0939525982y uno de nuestros consejeros te devolver\u00e1 la llamada. Recuerda que sentirse deprimido no es un buen s\u00edntoma, es un aviso&#8230; Por eso no dudes en contactarte con nosotros&#8230; Ser\u00e1 un gusto escucharte&#8230; Yo Te Escucho Ecuador est\u00e1 a nivel nacional<\/p>\n<h2>\u00bfC\u00f3mo puedo realizar\u00a0<em>voluntariado<\/em>?<\/h2>\n<div class=\"col-md-12\">\n<p>Si quieres sumarte a esta iniciativa debes contar con los siguientes requisitos:<\/p>\n<ul>\n<li>+ Cumplir con el\u00a0<a class=\"scroll-link\" href=\"http:\/\/www.yoteescucho.ec\/#\" data-id=\"best-offer-section3\"><em>perfil<\/em><\/a>\u00a0del voluntariado<\/li>\n<li>+ Tener un tel\u00e9fono smartphone con acceso a internet, espacio privado para realizar llamadas sin ruido y elementos para realizar apuntes<\/li>\n<li>+ Llenar el formulario de Inscripci\u00f3n Voluntariado que encontrar\u00e1s en esta p\u00e1gina<\/li>\n<li>+ Completar una capacitaci\u00f3n virtual de 12 horas<\/li>\n<\/ul>\n<h2>\u00bfCu\u00e1l es el perfil del <em>voluntariado?<img loading=\"lazy\" decoding=\"async\" class=\"wp-image-2082 aligncenter\" src=\"https:\/\/www.pazyesperanza.org\/ec\/wp-content\/uploads\/sites\/6\/2022\/02\/WhatsApp-Image-2022-02-14-at-12.08.45-188x300.jpeg\" alt=\"\" width=\"170\" height=\"271\" srcset=\"https:\/\/www.pazyesperanza.org\/ec\/wp-content\/uploads\/sites\/6\/2022\/02\/WhatsApp-Image-2022-02-14-at-12.08.45-188x300.jpeg 188w, https:\/\/www.pazyesperanza.org\/ec\/wp-content\/uploads\/sites\/6\/2022\/02\/WhatsApp-Image-2022-02-14-at-12.08.45.jpeg 621w\" sizes=\"auto, (max-width: 170px) 100vw, 170px\" \/><\/em><\/h2>\n<div class=\"col-md-12\">\n<p>Para ser voluntario o voluntaria debes cumplir con los siguientes requisitos:<\/p>\n<ul>\n<li>+ Ser mayor de 21 a\u00f1os<\/li>\n<li>+ Estar cursando o haber culminado alg\u00fan grado en educaci\u00f3n t\u00e9cnica, pastoral y\/o universitaria<\/li>\n<li>+ Tener experiencia en voluntariado con poblaciones vulnerables<\/li>\n<li>+ Contar con disponibilidad de m\u00ednimo 1 hora semanal y comprometerse al menos un mes.<\/li>\n<\/ul>\n<div class=\"bi6gxh9e aov4n071\">\n<h2 class=\"gmql0nx0 l94mrbxd p1ri9a11 lzcic4wl d2edcug0 hpfvmrgz\"><span class=\"d2edcug0 hpfvmrgz qv66sw1b c1et5uql lr9zc1uh a8c37x1j fe6kdd0r mau55g9w c8b282yb keod5gw0 nxhoafnm aigsh9s9 embtmqzv hrzyx87i m6dqt4wy h7mekvxk hnhda86s oo9gr5id hzawbc8m\" dir=\"auto\">Yo Te Escucho &#8211; Ecuador Facebook<\/span><\/h2>\n<\/div>\n<div class=\"bi6gxh9e aov4n071\">\n<div>https:\/\/www.facebook.com\/Yo-Te-Escucho-Ecuador-101600644933567<\/div>\n<div><\/div>\n<\/div>\n<\/div>\n<\/div>\n<\/div>\n","protected":false},"excerpt":{"rendered":"Yo Te Escucho Ecuador es un programa que da soporte emocional, informativo y espiritual a personas y familias vulnerables en el marco de la emergencia sanitaria del Covid-19 &nbsp; \u201cA trav\u00e9s de llamadas telef\u00f3nicas y sesiones virtuales gratuitas te escuchamos y orientamos en temas de salud mental y emocional, violencia intrafamiliar y de g\u00e9nero y acompa\u00f1amiento espiritual en el marco de la crisis del Covid-19&#8243; \u00bfC\u00f3mo puedo recibir\u00a0acompa\u00f1amiento? Nuestro servicio de consejer\u00eda est\u00e1 abierto al p\u00fablico mayor de 18 a\u00f1os, en particular nos interesa atender a personas en situaci\u00f3n de vulnerabilidad, entre ellas: + Adultos mayores + Familias en situaci\u00f3n de pobreza + Migrantes y desplazados + Mujeres victimas de violencia + Personas en situaci\u00f3n de discapacidad &nbsp; Puede comunicarse a la l\u00ednea 0939525982\u00a0o al correo electr\u00f3nico\u00a0contacto@yoteescucho.ec para agendar una cita o recibir atenci\u00f3n inmediata. Ll\u00e1manos o escr\u00edbenos a nuestro n\u00famero de apoyo 0939525982y uno de nuestros consejeros te devolver\u00e1 la llamada. Recuerda que sentirse deprimido no es un buen s\u00edntoma, es un aviso&#8230; Por eso no dudes en contactarte con nosotros&#8230; Ser\u00e1 un gusto escucharte&#8230; Yo Te Escucho Ecuador est\u00e1 a nivel nacional \u00bfC\u00f3mo puedo realizar\u00a0voluntariado? Si quieres sumarte a esta iniciativa debes contar con los siguientes requisitos: + Cumplir con el\u00a0perfil\u00a0del voluntariado + Tener un tel\u00e9fono smartphone con acceso a internet, espacio privado para realizar llamadas sin ruido y elementos para realizar apuntes + Llenar el formulario de Inscripci\u00f3n Voluntariado que encontrar\u00e1s en esta p\u00e1gina + Completar una capacitaci\u00f3n virtual de 12 horas \u00bfCu\u00e1l es el perfil del voluntariado? Para ser voluntario o voluntaria debes cumplir con los siguientes requisitos: + Ser mayor de 21 a\u00f1os + Estar cursando o haber culminado alg\u00fan grado en educaci\u00f3n t\u00e9cnica, pastoral y\/o universitaria + Tener experiencia en voluntariado con poblaciones vulnerables + Contar con disponibilidad de m\u00ednimo 1 hora semanal y comprometerse al menos un mes. Yo Te Escucho &#8211; Ecuador Facebook https:\/\/www.facebook.com\/Yo-Te-Escucho-Ecuador-101600644933567","protected":false},"author":13,"featured_media":0,"comment_status":"open","ping_status":"open","sticky":false,"template":"","format":"image","meta":{"_monsterinsights_skip_tracking":false,"_monsterinsights_sitenote_active":false,"_monsterinsights_sitenote_note":"","_monsterinsights_sitenote_category":0,"footnotes":""},"categories":[56],"tags":[],"class_list":["post-2079","post","type-post","status-publish","format-image","hentry","category-programas","post_format-post-format-image"],"yoast_head":"<!-- This site is optimized with the Yoast SEO plugin v16.3 - https:\/\/yoast.com\/wordpress\/plugins\/seo\/ -->\n<title>YO TE ESCUCHO ECUADOR - Paz y Esperanza Ecuador<\/title>\n<meta name=\"robots\" content=\"index, follow, max-snippet:-1, max-image-preview:large, max-video-preview:-1\" \/>\n<link rel=\"canonical\" href=\"https:\/\/www.pazyesperanza.org\/ec\/2022\/02\/14\/yo-te-escucho-ecuador\/\" \/>\n<meta property=\"og:locale\" content=\"en_US\" \/>\n<meta property=\"og:type\" content=\"article\" \/>\n<meta property=\"og:title\" content=\"YO TE ESCUCHO ECUADOR - Paz y Esperanza Ecuador\" \/>\n<meta property=\"og:description\" content=\"Yo Te Escucho Ecuador es un programa que da soporte emocional, informativo y espiritual a personas y familias vulnerables en el marco de la emergencia sanitaria del Covid-19 &nbsp; \u201cA trav\u00e9s de llamadas telef\u00f3nicas y sesiones virtuales gratuitas te escuchamos y orientamos en temas de salud mental y emocional, violencia intrafamiliar y de g\u00e9nero y acompa\u00f1amiento espiritual en el marco de la crisis del Covid-19&#8243; \u00bfC\u00f3mo puedo recibir\u00a0acompa\u00f1amiento? Nuestro servicio de consejer\u00eda est\u00e1 abierto al p\u00fablico mayor de 18 a\u00f1os, en particular nos interesa atender a personas en situaci\u00f3n de vulnerabilidad, entre ellas: + Adultos mayores + Familias en situaci\u00f3n de pobreza + Migrantes y desplazados + Mujeres victimas de violencia + Personas en situaci\u00f3n de discapacidad &nbsp; Puede comunicarse a la l\u00ednea 0939525982\u00a0o al correo electr\u00f3nico\u00a0contacto@yoteescucho.ec para agendar una cita o recibir atenci\u00f3n inmediata. Ll\u00e1manos o escr\u00edbenos a nuestro n\u00famero de apoyo 0939525982y uno de nuestros consejeros te devolver\u00e1 la llamada. Recuerda que sentirse deprimido no es un buen s\u00edntoma, es un aviso&#8230; Por eso no dudes en contactarte con nosotros&#8230; Ser\u00e1 un gusto escucharte&#8230; Yo Te Escucho Ecuador est\u00e1 a nivel nacional \u00bfC\u00f3mo puedo realizar\u00a0voluntariado? Si quieres sumarte a esta iniciativa debes contar con los siguientes requisitos: + Cumplir con el\u00a0perfil\u00a0del voluntariado + Tener un tel\u00e9fono smartphone con acceso a internet, espacio privado para realizar llamadas sin ruido y elementos para realizar apuntes + Llenar el formulario de Inscripci\u00f3n Voluntariado que encontrar\u00e1s en esta p\u00e1gina + Completar una capacitaci\u00f3n virtual de 12 horas \u00bfCu\u00e1l es el perfil del voluntariado? Para ser voluntario o voluntaria debes cumplir con los siguientes requisitos: + Ser mayor de 21 a\u00f1os + Estar cursando o haber culminado alg\u00fan grado en educaci\u00f3n t\u00e9cnica, pastoral y\/o universitaria + Tener experiencia en voluntariado con poblaciones vulnerables + Contar con disponibilidad de m\u00ednimo 1 hora semanal y comprometerse al menos un mes. Yo Te Escucho &#8211; Ecuador Facebook https:\/\/www.facebook.com\/Yo-Te-Escucho-Ecuador-101600644933567\" \/>\n<meta property=\"og:url\" content=\"https:\/\/www.pazyesperanza.org\/ec\/2022\/02\/14\/yo-te-escucho-ecuador\/\" \/>\n<meta property=\"og:site_name\" content=\"Paz y Esperanza Ecuador\" \/>\n<meta property=\"article:published_time\" content=\"2022-02-14T17:23:20+00:00\" \/>\n<meta property=\"article:modified_time\" content=\"2022-02-14T19:02:42+00:00\" \/>\n<meta property=\"og:image\" content=\"https:\/\/www.pazyesperanza.org\/ec\/wp-content\/uploads\/sites\/6\/2022\/02\/YO-TE-ESCUCHO-ECUADOR1.1-1-300x212.png\" \/>\n<meta name=\"twitter:card\" content=\"summary_large_image\" \/>\n<meta name=\"twitter:label1\" content=\"Est. reading time\">\n\t<meta name=\"twitter:data1\" content=\"2 minutes\">\n<script type=\"application\/ld+json\" class=\"yoast-schema-graph\">{\"@context\":\"https:\/\/schema.org\",\"@graph\":[{\"@type\":\"WebSite\",\"@id\":\"https:\/\/www.pazyesperanza.org\/ec\/#website\",\"url\":\"https:\/\/www.pazyesperanza.org\/ec\/\",\"name\":\"Paz y Esperanza Ecuador\",\"description\":\"Apasionados por la justicia\",\"potentialAction\":[{\"@type\":\"SearchAction\",\"target\":\"https:\/\/www.pazyesperanza.org\/ec\/?s={search_term_string}\",\"query-input\":\"required name=search_term_string\"}],\"inLanguage\":\"en-US\"},{\"@type\":\"ImageObject\",\"@id\":\"https:\/\/www.pazyesperanza.org\/ec\/2022\/02\/14\/yo-te-escucho-ecuador\/#primaryimage\",\"inLanguage\":\"en-US\",\"url\":\"https:\/\/www.pazyesperanza.org\/ec\/wp-content\/uploads\/sites\/6\/2022\/02\/YO-TE-ESCUCHO-ECUADOR1.1-1-e1652969558769.png\",\"contentUrl\":\"https:\/\/www.pazyesperanza.org\/ec\/wp-content\/uploads\/sites\/6\/2022\/02\/YO-TE-ESCUCHO-ECUADOR1.1-1-e1652969558769.png\",\"width\":1911,\"height\":1333},{\"@type\":\"WebPage\",\"@id\":\"https:\/\/www.pazyesperanza.org\/ec\/2022\/02\/14\/yo-te-escucho-ecuador\/#webpage\",\"url\":\"https:\/\/www.pazyesperanza.org\/ec\/2022\/02\/14\/yo-te-escucho-ecuador\/\",\"name\":\"YO TE ESCUCHO ECUADOR - Paz y Esperanza Ecuador\",\"isPartOf\":{\"@id\":\"https:\/\/www.pazyesperanza.org\/ec\/#website\"},\"primaryImageOfPage\":{\"@id\":\"https:\/\/www.pazyesperanza.org\/ec\/2022\/02\/14\/yo-te-escucho-ecuador\/#primaryimage\"},\"datePublished\":\"2022-02-14T17:23:20+00:00\",\"dateModified\":\"2022-02-14T19:02:42+00:00\",\"author\":{\"@id\":\"https:\/\/www.pazyesperanza.org\/ec\/#\/schema\/person\/df1a7e41e6c64a9fbe82e49266a5489d\"},\"breadcrumb\":{\"@id\":\"https:\/\/www.pazyesperanza.org\/ec\/2022\/02\/14\/yo-te-escucho-ecuador\/#breadcrumb\"},\"inLanguage\":\"en-US\",\"potentialAction\":[{\"@type\":\"ReadAction\",\"target\":[\"https:\/\/www.pazyesperanza.org\/ec\/2022\/02\/14\/yo-te-escucho-ecuador\/\"]}]},{\"@type\":\"BreadcrumbList\",\"@id\":\"https:\/\/www.pazyesperanza.org\/ec\/2022\/02\/14\/yo-te-escucho-ecuador\/#breadcrumb\",\"itemListElement\":[{\"@type\":\"ListItem\",\"position\":1,\"item\":{\"@type\":\"WebPage\",\"@id\":\"https:\/\/www.pazyesperanza.org\/ec\/\",\"url\":\"https:\/\/www.pazyesperanza.org\/ec\/\",\"name\":\"Portada\"}},{\"@type\":\"ListItem\",\"position\":2,\"item\":{\"@id\":\"https:\/\/www.pazyesperanza.org\/ec\/2022\/02\/14\/yo-te-escucho-ecuador\/#webpage\"}}]},{\"@type\":\"Person\",\"@id\":\"https:\/\/www.pazyesperanza.org\/ec\/#\/schema\/person\/df1a7e41e6c64a9fbe82e49266a5489d\",\"name\":\"adminecu\",\"image\":{\"@type\":\"ImageObject\",\"@id\":\"https:\/\/www.pazyesperanza.org\/ec\/#personlogo\",\"inLanguage\":\"en-US\",\"url\":\"https:\/\/secure.gravatar.com\/avatar\/b6975496d2b7a258229d6e0a26e43cadb641076033d35f56c317285a3b769a8c?s=96&d=mm&r=g\",\"contentUrl\":\"https:\/\/secure.gravatar.com\/avatar\/b6975496d2b7a258229d6e0a26e43cadb641076033d35f56c317285a3b769a8c?s=96&d=mm&r=g\",\"caption\":\"adminecu\"},\"url\":\"https:\/\/www.pazyesperanza.org\/ec\/author\/adminecu\/\"}]}<\/script>\n<!-- \/ Yoast SEO plugin. -->","_links":{"self":[{"href":"https:\/\/www.pazyesperanza.org\/ec\/wp-json\/wp\/v2\/posts\/2079","targetHints":{"allow":["GET"]}}],"collection":[{"href":"https:\/\/www.pazyesperanza.org\/ec\/wp-json\/wp\/v2\/posts"}],"about":[{"href":"https:\/\/www.pazyesperanza.org\/ec\/wp-json\/wp\/v2\/types\/post"}],"author":[{"embeddable":true,"href":"https:\/\/www.pazyesperanza.org\/ec\/wp-json\/wp\/v2\/users\/13"}],"replies":[{"embeddable":true,"href":"https:\/\/www.pazyesperanza.org\/ec\/wp-json\/wp\/v2\/comments?post=2079"}],"version-history":[{"count":5,"href":"https:\/\/www.pazyesperanza.org\/ec\/wp-json\/wp\/v2\/posts\/2079\/revisions"}],"predecessor-version":[{"id":2087,"href":"https:\/\/www.pazyesperanza.org\/ec\/wp-json\/wp\/v2\/posts\/2079\/revisions\/2087"}],"wp:attachment":[{"href":"https:\/\/www.pazyesperanza.org\/ec\/wp-json\/wp\/v2\/media?parent=2079"}],"wp:term":[{"taxonomy":"category","embeddable":true,"href":"https:\/\/www.pazyesperanza.org\/ec\/wp-json\/wp\/v2\/categories?post=2079"},{"taxonomy":"post_tag","embeddable":true,"href":"https:\/\/www.pazyesperanza.org\/ec\/wp-json\/wp\/v2\/tags?post=2079"}],"curies":[{"name":"wp","href":"https:\/\/api.w.org\/{rel}","templated":true}]}}