{"id":1899,"date":"2017-08-15T14:42:31","date_gmt":"2017-08-15T14:42:31","guid":{"rendered":"http:\/\/nuevo.pazyesperanza.org\/ec\/?p=1899"},"modified":"2022-05-11T16:18:29","modified_gmt":"2022-05-11T21:18:29","slug":"una-sentencia-para-la-gloria-de-dios","status":"publish","type":"post","link":"https:\/\/www.pazyesperanza.org\/ec\/2017\/08\/15\/una-sentencia-para-la-gloria-de-dios\/","title":{"rendered":"Una sentencia para la gloria de Dios"},"content":{"rendered":"<p><strong><em>Por. Loida Carriel Espinoza <\/em><\/strong><\/p>\n<p>El Diario de mayor circulaci\u00f3n nacional El Universo, en su portada del d\u00eda 21 marzo en su primera plana destaca: <strong><em>\u201cPor cada mil denuncias, justicia ecuatoriana dicta 5 sentencias\u201d<\/em><\/strong>, y es que este titular refleja la injusticia e impunidad del sistema de justicia ecuatoriano, es por ello que obtener una sentencia condenatoria por el delito de violaci\u00f3n sexual de menores es esperanzadora, nos da un mensaje claro de que Dios es amante de la justicia y que los cristianos no podemos quedarnos con los brazos cruzados ante tanta injusticia.<\/p>\n<p>&nbsp;<\/p>\n<p>Lo llamaremos Rafael para guardar su identidad. Tiene dos a\u00f1os y medio y ya ha vivido quiz\u00e1 una de las peores cicatrices de su vida, la violaci\u00f3n sexual. Pocas veces he le\u00eddo sentencias completas, pues siempre vamos a la \u00faltima p\u00e1gina donde se sentencia o absuelve. Pero esta vez lo hice pensando que encontrar\u00eda una serie de articulados y c\u00f3digos. Encontr\u00e9 mucho m\u00e1s que eso, la historia casi completa de lo que vivi\u00f3 Rafael post violaci\u00f3n, el tratamiento m\u00e9dico que recibi\u00f3, el largo listado de an\u00e1lisis y ex\u00e1menes que le hicieron, hasta los testimonios a favor y en contra del agresor.\u00a0\u00a0 Si leer la sentencia da mucha tristeza, vivir lo que Rafael vivi\u00f3, debe ser desconsolador.<\/p>\n<p>&nbsp;<\/p>\n<p>El 22 de octubre del 2009, Rafael estaba jugando en su casa en un sector perif\u00e9rico de Guayaquil, uno de esos sectores donde los migrantes de otras ciudades llegan con el sue\u00f1o de la casa propia, el trabajo seguro y un \u201cfuturo distinto\u201d para sus hijos. Los padres de Rafael hab\u00edan salido a comprar y \u00e9l se qued\u00f3 jugando con su peque\u00f1a t\u00eda. Cuando el padre retorn\u00f3 busc\u00f3 a Rafael y no lo encontr\u00f3, sin embargo vio a un hombre <em>\u201cvestido con bermuda y zapatos\u201d<\/em> que sali\u00f3 corriendo del patio de su vecina. Comenz\u00f3 a buscar a su hijo y lo encontr\u00f3 debajo de la casa de ca\u00f1a de su vecina, inconciente, con los pantalones bajados, golpes en el cuerpo y rostro, sangrando entre sus piernas. El agresor ROMAN ROLANDO GARCIA REYES, fue reconocido por la t\u00eda de Rafael, quien lo vio cuando sali\u00f3 corriendo del patio. Cuando \u00e9ste se dio cuenta, hizo una se\u00f1al amenazadora a la ni\u00f1a para que callara. Sin embargo ella valientemente dijo lo que vio y de inmediato se llam\u00f3 a la polic\u00eda, los cu\u00e1les junto a la Fiscal lo detuvieron.<\/p>\n<p>&nbsp;<\/p>\n<p>Mientras el agresor era detenido, Rafael era llevado al hospital de ni\u00f1os de Guayaquil. En su testimonio ante la Fiscal\u00eda dos doctores que atendieron al menor y su madre dicen: <em>\u201cel menor mostraba signos de politraumatismo, asfixia, petiquicia, cansancio, sofocaci\u00f3n, enc\u00e9falo hematoma, enrojecimiento conjuntival, peque\u00f1os hematomas de codo, brazos, fisuras en su ano, sangrado\u201d. \u201cla madre del menor estaba en crisis, presentaba estupor, incredulidad, coraje fuerte y dolor porque en la sala estaban interviniendo a Rafael\u201d. <\/em>\u00a0El menor estuvo hospitalizado por una semana. Se le aplicaron diversos ex\u00e1menes, algunos de ellos por la falta de intervenci\u00f3n en estos casos no fueron aplicados correctamente. Su caso caus\u00f3 estupor nacional cuando el s\u00e1bado 24 de octubre sali\u00f3 en el diario de mayor circulaci\u00f3n nacional \u201cEl Universo\u201d.<\/p>\n<p>&nbsp;<\/p>\n<p>\u00a1A los cristianos no nos pasa eso! Es uno de los mitos m\u00e1s crueles que tenemos muchas veces los cristianos. Rafael es nieto de un pastor quichua en Guayaquil, casi toda su familia es cristiana evang\u00e9lica. Cuando su abuelo se enter\u00f3 de lo sucedido dijo: <em>\u201cesto pas\u00f3 a mi nieto porque sus padres estaban desviados de los caminos del Se\u00f1or\u201d<\/em>. \u00bfTenemos un Dios cruel, inhumano e injusto que provoca la violencia sexual como castigo.<\/p>\n<p>&nbsp;<\/p>\n<p><strong>APASIONADO POR LA JUSTICIA <\/strong><\/p>\n<p>Dice la Biblia que Dios est\u00e1 sentado en un trono de justicia. El amor y la justicia son dos caras de la misma moneda. Esas dos caras se demuestran en este mundo a trav\u00e9s de los cristianos y cristianas, al ser la voz \u00a0y manos de Dios. Katherine, vio la noticia y de inmediato fue al hospital para contactarse con la familia del menor y decirle que Dios se preocupaba por ellos. Rafael estaba en terapia intensiva as\u00ed que no la dejaron entrar. Insisti\u00f3, busc\u00f3 a personas conocidas y finalmente lleg\u00f3 hasta la madre de Rafael. Desconsolada e incr\u00e9dula, as\u00ed estaba la madre de Rafael ante el ofrecimiento de apoyo. \u00bfAcaso no le hab\u00edan fallado ya? Katherine insisti\u00f3, dej\u00f3 un d\u00edptico y le dijo: \u201c<em>ve a Paz y Esperanza, tambi\u00e9n son cristianos, ellos te ayudar\u00e1n\u201d<\/em>. Mientras tanto Dios actuaba a trav\u00e9s de Gonzalo, un pastor luterano que viv\u00eda cerca a la familia de Rafael. Lleg\u00f3 hasta la casa de ellos con una ofrenda de su iglesia y les dijo <em>\u201cDios se preocupa de ustedes.\u00a0\u00a0 Hay una instituci\u00f3n cristiana que les puede ayudar\u201d.<\/em> Finalmente, el abuelo y padre de Roy decidieron aceptar la ayuda que Dios les estaba dando a trav\u00e9s de la instituci\u00f3n y ah\u00ed comenz\u00f3 su camino hacia la justicia. La violencia vivida por Rafael gener\u00f3 solidaridad entre ciudadanos cristianos que firmaron declaraciones en contra de la violencia. Paz y Esperanza junto con el proceso legal, la rehabilitaci\u00f3n psicol\u00f3gica del menor y su familia y el acompa\u00f1amiento espiritual, comenz\u00f3 una campa\u00f1a de recolecci\u00f3n de firmas en contra de la violencia e inseguridad en Guayaquil, la cual se ensa\u00f1aba con Rafael. M\u00e1s de 1.000 firmas de ciudadanos y ciudadanas evang\u00e9licas fueron entregadas a la Corte de Justicia, Fiscal\u00eda, Polic\u00eda, Gobernaci\u00f3n, Municipalidad, Intendencia de Polic\u00eda, en las cu\u00e1les se exig\u00eda que actuaran con justicia.<\/p>\n<p>&nbsp;<\/p>\n<p>Despu\u00e9s de un proceso que para sorpresa de muchos fue <em>\u201crelativamente corto\u201d<\/em> pero con innumerables diligencias, toma de pruebas, entrevistas con testigos, ex\u00e1menes psicol\u00f3gicos, legistas, el 17 de diciembre del 2009 se llam\u00f3 a juicio a ROMAN ROLANDO GARCIA REYES.\u00a0\u00a0 Una serie de testigos a favor del agresor desfilaron por la corte argumentando <em>\u201ces un buen chico\u201d, \u201ccuando sucedi\u00f3 todo estaba escuchando m\u00fasica\u201d, \u201cha estado hospitalizado en un psiqui\u00e1trico\u201d;<\/em> queriendo desvirtuar el testimonio de la t\u00eda del menor quien vio al agresor saliendo debajo de la casa donde sucedieron los hechos, subi\u00e9ndose los pantalones y quien al verla la amenaz\u00f3 con una se\u00f1al. \u00a0Cuando el abuelo de Rafael fue a declarar como testigo, fue discriminado e inclusive sufri\u00f3 burla por su fuerte acento quichuahablante y por negarse a \u201cjurar\u201d sobre la Biblia. Su creencia religiosa de que los \u201cevang\u00e9licos no juramos\u201d no fue comprendida por el Juez.<\/p>\n<p>&nbsp;<\/p>\n<p>Las audiencias de juzgamiento se dieron el 26 de enero y el 5 de febrero del 2010. Finalmente el pasado 26 de febrero <em>\u201cEl Tribunal de Garant\u00edas Penales haciendo justicia en nombre del pueblo soberano del Ecuador y por autoridad de la Constituci\u00f3n y las leyes de la Rep\u00fablica, declara al acusado ROMAN ROLANDO GARCIA REYES, autor de la infracci\u00f3n penal tipificada en al Art. 512, numerales 1 y 3 y Art. 513 del C\u00f3digo Penal y le impone la pena de VEINTICINCO A\u00d1OS de RECLUSION MAYOR ESPECIAL, en consideraci\u00f3n a lo impuesto en el Art. 44 de la Constituci\u00f3n Pol\u00edtica del Ecuador considera que no hay atenuantes<u>\u201d(Sentencia del Tribunal Sexto de Garant\u00edas Penales)<\/u><\/em><\/p>\n<p><em>\u00a0<\/em><\/p>\n<p>En estos \u00faltimos d\u00edas he visto a Rafael y a su madre varias veces cuando viene a su tratamiento terap\u00e9utico. Mientras juega y arma cosas, le dice a su madre <em>\u201cquiero ir al ba\u00f1o, ya puedo ir solito\u201d<\/em>. Ella lo mira, llora y sigue cont\u00e1ndonos sus temores: <em>\u201cRafael sufre de muchos dolores de cabeza por los golpes que le dio ese hombre, todav\u00eda le duele su potito, siente miedo constantemente y tantos temores porque me dicen que debo hacerle ex\u00e1menes del SIDA. Por todo lo que sucedi\u00f3 hemos tenido que abandonar esa casa e irnos bien lejos, mi esposo est\u00e1 sin trabajo y se deprime constantemente. Toda nuestra vida cambi\u00f3. Renegaba de Dios por todo lo que sucedi\u00f3, pero ahora veo c\u00f3mo ustedes se est\u00e1n portando conmigo y me digo\u2026 bueno Dios me est\u00e1 ayudando\u201d<\/em>.<\/p>\n<p>&nbsp;<\/p>\n<p>El juicio que permiti\u00f3 a Rafael acceder a la justicia fue el No. 001 del 2010, o sea, el primero de este a\u00f1o. Podr\u00edamos decir que fue uno de los \u201cbeneficiados\u201d esta vez por el sistema ecuatoriano, me alegra el coraz\u00f3n, me asusta el futuro del ni\u00f1o y su familia, me reconforta saber que como iglesia estamos actuando, cambiando mentalidades y atendiendo a las v\u00edctimas y me apena profundamente que quiz\u00e1 otro Rafael pertenezca al grupo de las 995 v\u00edctimas de diferentes tipos de agresiones que este a\u00f1o \u201cno conseguir\u00e1n justicia\u201d. Decimos que los cristianos somos las manos y voz de Dios en la tierra\u2026.pues se\u00e1moslo.<\/p>\n<p>&nbsp;<\/p>\n<p>\u00a1Levanta la voz por los que no tienen voz!<\/p>\n<p>\u00a1Defiende los derechos de los despose\u00eddos!<\/p>\n<p>\u00a1Levanta la voz y hazles justicia!<\/p>\n<p>\u00a1Defiende a los pobres y necesitados!<\/p>\n<p>Proverbios 31: 8 y 9<\/p>\n<p>&nbsp;<\/p>\n<p>&nbsp;<\/p>\n<p>&nbsp;<\/p>\n<ul>\n<li>21 % de ni\u00f1os y adolescentes de Ecuador ha sufrido en alguna ocasi\u00f3n alg\u00fan tipo de abuso sexual, seg\u00fan se desprende de un estudio elaborado por el Instituto de la Ni\u00f1ez y la Familia del Ecuador (INFA). La investigaci\u00f3n, que estudi\u00f3 la situaci\u00f3n de 2.567.101 ni\u00f1os, ni\u00f1as y adolescentes, determina que 548.229 de los encuestados sufrieron al menos una situaci\u00f3n de abuso sexual por parte, en su mayor\u00eda, de familiares, parejas o amigos.<\/li>\n<\/ul>\n<p><strong>\u00a0<\/strong><\/p>\n<ul>\n<li><strong>Paz y Esperanza <\/strong>en el Ecuador brinda gratuitamente atenci\u00f3n integral a ni\u00f1os y mujeres en situaci\u00f3n de pobreza y que son victimas de abusos y maltratos.<\/li>\n<\/ul>\n<p>&nbsp;<\/p>\n<p>Paz y Esperanza \u2013 Oficina Ecuador<\/p>\n<p>Lorenzo de Garaycoa 732 y V\u00edctor Manuel Rend\u00f3n, 4to. Piso, Of. 42<\/p>\n<p>Tel\u00e9fonos 2310192, 2310221<\/p>\n<p>Email: <a href=\"mailto:ecuador@pazyesperanza.org\">ecuador@pazyesperanza.org<\/a><\/p>\n<p>Guayaquil \u2013 Ecuador<\/p>\n<p>&nbsp;<\/p>\n","protected":false},"excerpt":{"rendered":"Por. Loida Carriel Espinoza El Diario de mayor circulaci\u00f3n nacional El Universo, en su portada del d\u00eda 21 marzo en su primera plana destaca: \u201cPor cada mil denuncias, justicia ecuatoriana dicta 5 sentencias\u201d, y es que este titular refleja la injusticia e impunidad del sistema de justicia ecuatoriano, es por ello que obtener una sentencia condenatoria por el delito de violaci\u00f3n sexual de menores es esperanzadora, nos da un mensaje claro de que Dios es amante de la justicia y que los cristianos no podemos quedarnos con los brazos cruzados ante tanta injusticia. &nbsp; Lo llamaremos Rafael para guardar su identidad. Tiene dos a\u00f1os y medio y ya ha vivido quiz\u00e1 una de las peores cicatrices de su vida, la violaci\u00f3n sexual. Pocas veces he le\u00eddo sentencias completas, pues siempre vamos a la \u00faltima p\u00e1gina donde se sentencia o absuelve. Pero esta vez lo hice pensando que encontrar\u00eda una serie de articulados y c\u00f3digos. Encontr\u00e9 mucho m\u00e1s que eso, la historia casi completa de lo que vivi\u00f3 Rafael post violaci\u00f3n, el tratamiento m\u00e9dico que recibi\u00f3, el largo listado de an\u00e1lisis y ex\u00e1menes que le hicieron, hasta los testimonios a favor y en contra del agresor.\u00a0\u00a0 Si leer la sentencia da mucha tristeza, vivir lo que Rafael vivi\u00f3, debe ser desconsolador. &nbsp; El 22 de octubre del 2009, Rafael estaba jugando en su casa en un sector perif\u00e9rico de Guayaquil, uno de esos sectores donde los migrantes de otras ciudades llegan con el sue\u00f1o de la casa propia, el trabajo seguro y un \u201cfuturo distinto\u201d para sus hijos. Los padres de Rafael hab\u00edan salido a comprar y \u00e9l se qued\u00f3 jugando con su peque\u00f1a t\u00eda. Cuando el padre retorn\u00f3 busc\u00f3 a Rafael y no lo encontr\u00f3, sin embargo vio a un hombre \u201cvestido con bermuda y zapatos\u201d que sali\u00f3 corriendo del patio de su vecina. Comenz\u00f3 a buscar a su hijo y lo encontr\u00f3 debajo de la casa de ca\u00f1a de su vecina, inconciente, con los pantalones bajados, golpes en el cuerpo y rostro, sangrando entre sus piernas. El agresor ROMAN ROLANDO GARCIA REYES, fue reconocido por la t\u00eda de Rafael, quien lo vio cuando sali\u00f3 corriendo del patio. Cuando \u00e9ste se dio cuenta, hizo una se\u00f1al amenazadora a la ni\u00f1a para que callara. Sin embargo ella valientemente dijo lo que vio y de inmediato se llam\u00f3 a la polic\u00eda, los cu\u00e1les junto a la Fiscal lo detuvieron. &nbsp; Mientras el agresor era detenido, Rafael era llevado al hospital de ni\u00f1os de Guayaquil. En su testimonio ante la Fiscal\u00eda dos doctores que atendieron al menor y su madre dicen: \u201cel menor mostraba signos de politraumatismo, asfixia, petiquicia, cansancio, sofocaci\u00f3n, enc\u00e9falo hematoma, enrojecimiento conjuntival, peque\u00f1os hematomas de codo, brazos, fisuras en su ano, sangrado\u201d. \u201cla madre del menor estaba en crisis, presentaba estupor, incredulidad, coraje fuerte y dolor porque en la sala estaban interviniendo a Rafael\u201d. \u00a0El menor estuvo hospitalizado por una semana. Se le aplicaron diversos ex\u00e1menes, algunos de ellos por la falta de intervenci\u00f3n en estos casos no fueron aplicados correctamente. Su caso caus\u00f3 estupor nacional cuando el s\u00e1bado 24 de octubre sali\u00f3 en el diario de mayor circulaci\u00f3n nacional [&hellip;]","protected":false},"author":1,"featured_media":2123,"comment_status":"open","ping_status":"open","sticky":false,"template":"","format":"standard","meta":{"_monsterinsights_skip_tracking":false,"_monsterinsights_sitenote_active":false,"_monsterinsights_sitenote_note":"","_monsterinsights_sitenote_category":0,"footnotes":""},"categories":[7],"tags":[],"class_list":["post-1899","post","type-post","status-publish","format-standard","has-post-thumbnail","hentry","category-historias"],"yoast_head":"<!-- This site is optimized with the Yoast SEO plugin v16.3 - https:\/\/yoast.com\/wordpress\/plugins\/seo\/ -->\n<title>Una sentencia para la gloria de Dios - Paz y Esperanza Ecuador<\/title>\n<meta name=\"robots\" content=\"index, follow, max-snippet:-1, max-image-preview:large, max-video-preview:-1\" \/>\n<link rel=\"canonical\" href=\"https:\/\/www.pazyesperanza.org\/ec\/2017\/08\/15\/una-sentencia-para-la-gloria-de-dios\/\" \/>\n<meta property=\"og:locale\" content=\"en_US\" \/>\n<meta property=\"og:type\" content=\"article\" \/>\n<meta property=\"og:title\" content=\"Una sentencia para la gloria de Dios - Paz y Esperanza Ecuador\" \/>\n<meta property=\"og:description\" content=\"Por. Loida Carriel Espinoza El Diario de mayor circulaci\u00f3n nacional El Universo, en su portada del d\u00eda 21 marzo en su primera plana destaca: \u201cPor cada mil denuncias, justicia ecuatoriana dicta 5 sentencias\u201d, y es que este titular refleja la injusticia e impunidad del sistema de justicia ecuatoriano, es por ello que obtener una sentencia condenatoria por el delito de violaci\u00f3n sexual de menores es esperanzadora, nos da un mensaje claro de que Dios es amante de la justicia y que los cristianos no podemos quedarnos con los brazos cruzados ante tanta injusticia. &nbsp; Lo llamaremos Rafael para guardar su identidad. Tiene dos a\u00f1os y medio y ya ha vivido quiz\u00e1 una de las peores cicatrices de su vida, la violaci\u00f3n sexual. Pocas veces he le\u00eddo sentencias completas, pues siempre vamos a la \u00faltima p\u00e1gina donde se sentencia o absuelve. Pero esta vez lo hice pensando que encontrar\u00eda una serie de articulados y c\u00f3digos. Encontr\u00e9 mucho m\u00e1s que eso, la historia casi completa de lo que vivi\u00f3 Rafael post violaci\u00f3n, el tratamiento m\u00e9dico que recibi\u00f3, el largo listado de an\u00e1lisis y ex\u00e1menes que le hicieron, hasta los testimonios a favor y en contra del agresor.\u00a0\u00a0 Si leer la sentencia da mucha tristeza, vivir lo que Rafael vivi\u00f3, debe ser desconsolador. &nbsp; El 22 de octubre del 2009, Rafael estaba jugando en su casa en un sector perif\u00e9rico de Guayaquil, uno de esos sectores donde los migrantes de otras ciudades llegan con el sue\u00f1o de la casa propia, el trabajo seguro y un \u201cfuturo distinto\u201d para sus hijos. Los padres de Rafael hab\u00edan salido a comprar y \u00e9l se qued\u00f3 jugando con su peque\u00f1a t\u00eda. Cuando el padre retorn\u00f3 busc\u00f3 a Rafael y no lo encontr\u00f3, sin embargo vio a un hombre \u201cvestido con bermuda y zapatos\u201d que sali\u00f3 corriendo del patio de su vecina. Comenz\u00f3 a buscar a su hijo y lo encontr\u00f3 debajo de la casa de ca\u00f1a de su vecina, inconciente, con los pantalones bajados, golpes en el cuerpo y rostro, sangrando entre sus piernas. El agresor ROMAN ROLANDO GARCIA REYES, fue reconocido por la t\u00eda de Rafael, quien lo vio cuando sali\u00f3 corriendo del patio. Cuando \u00e9ste se dio cuenta, hizo una se\u00f1al amenazadora a la ni\u00f1a para que callara. Sin embargo ella valientemente dijo lo que vio y de inmediato se llam\u00f3 a la polic\u00eda, los cu\u00e1les junto a la Fiscal lo detuvieron. &nbsp; Mientras el agresor era detenido, Rafael era llevado al hospital de ni\u00f1os de Guayaquil. En su testimonio ante la Fiscal\u00eda dos doctores que atendieron al menor y su madre dicen: \u201cel menor mostraba signos de politraumatismo, asfixia, petiquicia, cansancio, sofocaci\u00f3n, enc\u00e9falo hematoma, enrojecimiento conjuntival, peque\u00f1os hematomas de codo, brazos, fisuras en su ano, sangrado\u201d. \u201cla madre del menor estaba en crisis, presentaba estupor, incredulidad, coraje fuerte y dolor porque en la sala estaban interviniendo a Rafael\u201d. \u00a0El menor estuvo hospitalizado por una semana. Se le aplicaron diversos ex\u00e1menes, algunos de ellos por la falta de intervenci\u00f3n en estos casos no fueron aplicados correctamente. Su caso caus\u00f3 estupor nacional cuando el s\u00e1bado 24 de octubre sali\u00f3 en el diario de mayor circulaci\u00f3n nacional [&hellip;]\" \/>\n<meta property=\"og:url\" content=\"https:\/\/www.pazyesperanza.org\/ec\/2017\/08\/15\/una-sentencia-para-la-gloria-de-dios\/\" \/>\n<meta property=\"og:site_name\" content=\"Paz y Esperanza Ecuador\" \/>\n<meta property=\"article:published_time\" content=\"2017-08-15T14:42:31+00:00\" \/>\n<meta property=\"article:modified_time\" content=\"2022-05-11T21:18:29+00:00\" \/>\n<meta property=\"og:image\" content=\"https:\/\/www.pazyesperanza.org\/ec\/wp-content\/uploads\/sites\/6\/2017\/08\/portrait-3096017-1-scaled.jpg\" \/>\n\t<meta property=\"og:image:width\" content=\"2560\" \/>\n\t<meta property=\"og:image:height\" content=\"1714\" \/>\n<meta name=\"twitter:card\" content=\"summary_large_image\" \/>\n<meta name=\"twitter:label1\" content=\"Est. reading time\">\n\t<meta name=\"twitter:data1\" content=\"8 minutes\">\n<script type=\"application\/ld+json\" class=\"yoast-schema-graph\">{\"@context\":\"https:\/\/schema.org\",\"@graph\":[{\"@type\":\"WebSite\",\"@id\":\"https:\/\/www.pazyesperanza.org\/ec\/#website\",\"url\":\"https:\/\/www.pazyesperanza.org\/ec\/\",\"name\":\"Paz y Esperanza Ecuador\",\"description\":\"Apasionados por la justicia\",\"potentialAction\":[{\"@type\":\"SearchAction\",\"target\":\"https:\/\/www.pazyesperanza.org\/ec\/?s={search_term_string}\",\"query-input\":\"required name=search_term_string\"}],\"inLanguage\":\"en-US\"},{\"@type\":\"ImageObject\",\"@id\":\"https:\/\/www.pazyesperanza.org\/ec\/2017\/08\/15\/una-sentencia-para-la-gloria-de-dios\/#primaryimage\",\"inLanguage\":\"en-US\",\"url\":\"https:\/\/www.pazyesperanza.org\/ec\/wp-content\/uploads\/sites\/6\/2017\/08\/portrait-3096017-1-scaled.jpg\",\"contentUrl\":\"https:\/\/www.pazyesperanza.org\/ec\/wp-content\/uploads\/sites\/6\/2017\/08\/portrait-3096017-1-scaled.jpg\",\"width\":2560,\"height\":1714},{\"@type\":\"WebPage\",\"@id\":\"https:\/\/www.pazyesperanza.org\/ec\/2017\/08\/15\/una-sentencia-para-la-gloria-de-dios\/#webpage\",\"url\":\"https:\/\/www.pazyesperanza.org\/ec\/2017\/08\/15\/una-sentencia-para-la-gloria-de-dios\/\",\"name\":\"Una sentencia para la gloria de Dios - Paz y Esperanza Ecuador\",\"isPartOf\":{\"@id\":\"https:\/\/www.pazyesperanza.org\/ec\/#website\"},\"primaryImageOfPage\":{\"@id\":\"https:\/\/www.pazyesperanza.org\/ec\/2017\/08\/15\/una-sentencia-para-la-gloria-de-dios\/#primaryimage\"},\"datePublished\":\"2017-08-15T14:42:31+00:00\",\"dateModified\":\"2022-05-11T21:18:29+00:00\",\"author\":{\"@id\":\"https:\/\/www.pazyesperanza.org\/ec\/#\/schema\/person\/20d08d09cf94978eb778d79896ac85ea\"},\"breadcrumb\":{\"@id\":\"https:\/\/www.pazyesperanza.org\/ec\/2017\/08\/15\/una-sentencia-para-la-gloria-de-dios\/#breadcrumb\"},\"inLanguage\":\"en-US\",\"potentialAction\":[{\"@type\":\"ReadAction\",\"target\":[\"https:\/\/www.pazyesperanza.org\/ec\/2017\/08\/15\/una-sentencia-para-la-gloria-de-dios\/\"]}]},{\"@type\":\"BreadcrumbList\",\"@id\":\"https:\/\/www.pazyesperanza.org\/ec\/2017\/08\/15\/una-sentencia-para-la-gloria-de-dios\/#breadcrumb\",\"itemListElement\":[{\"@type\":\"ListItem\",\"position\":1,\"item\":{\"@type\":\"WebPage\",\"@id\":\"https:\/\/www.pazyesperanza.org\/ec\/\",\"url\":\"https:\/\/www.pazyesperanza.org\/ec\/\",\"name\":\"Portada\"}},{\"@type\":\"ListItem\",\"position\":2,\"item\":{\"@id\":\"https:\/\/www.pazyesperanza.org\/ec\/2017\/08\/15\/una-sentencia-para-la-gloria-de-dios\/#webpage\"}}]},{\"@type\":\"Person\",\"@id\":\"https:\/\/www.pazyesperanza.org\/ec\/#\/schema\/person\/20d08d09cf94978eb778d79896ac85ea\",\"name\":\"dalitopia\",\"image\":{\"@type\":\"ImageObject\",\"@id\":\"https:\/\/www.pazyesperanza.org\/ec\/#personlogo\",\"inLanguage\":\"en-US\",\"url\":\"https:\/\/secure.gravatar.com\/avatar\/79e57f1c6a136ec58c625a4b1b5fc5c23433ba9246f2ee5be5e766475d00362f?s=96&d=mm&r=g\",\"contentUrl\":\"https:\/\/secure.gravatar.com\/avatar\/79e57f1c6a136ec58c625a4b1b5fc5c23433ba9246f2ee5be5e766475d00362f?s=96&d=mm&r=g\",\"caption\":\"dalitopia\"},\"url\":\"https:\/\/www.pazyesperanza.org\/ec\/author\/dalitopia\/\"}]}<\/script>\n<!-- \/ Yoast SEO plugin. -->","_links":{"self":[{"href":"https:\/\/www.pazyesperanza.org\/ec\/wp-json\/wp\/v2\/posts\/1899","targetHints":{"allow":["GET"]}}],"collection":[{"href":"https:\/\/www.pazyesperanza.org\/ec\/wp-json\/wp\/v2\/posts"}],"about":[{"href":"https:\/\/www.pazyesperanza.org\/ec\/wp-json\/wp\/v2\/types\/post"}],"author":[{"embeddable":true,"href":"https:\/\/www.pazyesperanza.org\/ec\/wp-json\/wp\/v2\/users\/1"}],"replies":[{"embeddable":true,"href":"https:\/\/www.pazyesperanza.org\/ec\/wp-json\/wp\/v2\/comments?post=1899"}],"version-history":[{"count":2,"href":"https:\/\/www.pazyesperanza.org\/ec\/wp-json\/wp\/v2\/posts\/1899\/revisions"}],"predecessor-version":[{"id":2124,"href":"https:\/\/www.pazyesperanza.org\/ec\/wp-json\/wp\/v2\/posts\/1899\/revisions\/2124"}],"wp:featuredmedia":[{"embeddable":true,"href":"https:\/\/www.pazyesperanza.org\/ec\/wp-json\/wp\/v2\/media\/2123"}],"wp:attachment":[{"href":"https:\/\/www.pazyesperanza.org\/ec\/wp-json\/wp\/v2\/media?parent=1899"}],"wp:term":[{"taxonomy":"category","embeddable":true,"href":"https:\/\/www.pazyesperanza.org\/ec\/wp-json\/wp\/v2\/categories?post=1899"},{"taxonomy":"post_tag","embeddable":true,"href":"https:\/\/www.pazyesperanza.org\/ec\/wp-json\/wp\/v2\/tags?post=1899"}],"curies":[{"name":"wp","href":"https:\/\/api.w.org\/{rel}","templated":true}]}}