{"id":3331,"date":"2026-08-27T11:39:05","date_gmt":"2026-08-27T11:39:05","guid":{"rendered":"https:\/\/www.pazyesperanza.org\/co\/?p=3331"},"modified":"2026-08-27T11:41:00","modified_gmt":"2026-08-27T11:41:00","slug":"acompanamiento-a-casa-metanoia-en-su-fortalecimiento-institucional","status":"publish","type":"post","link":"https:\/\/www.pazyesperanza.org\/co\/2026\/08\/acompanamiento-a-casa-metanoia-en-su-fortalecimiento-institucional\/","title":{"rendered":"Acompa\u00f1amiento a Casa Metanoia en su fortalecimiento institucional"},"content":{"rendered":"<p>Una de las l\u00edneas estrat\u00e9gicas de Paz y Esperanza Colombia para el 2026-2030, es la Gorbernanza de Paz, la cual consiste en la capacidad institucional y relacional de una organizaci\u00f3n para orientar, gestionar y articular, de manera participativa, transparente, \u00e9tica y corresponsable, sus procesos misionales, program\u00e1ticos, operativos, administrativos y financieros, con el prop\u00f3sito de construir una paz justa (shalom). Esta capacidad se expresa tanto en el fortalecimiento interno de la organizaci\u00f3n como en su acci\u00f3n colaborativa con diversos actores para transformar conflictos, promover la reconciliaci\u00f3n, fortalecer el tejido social e incidir en las pol\u00edticas p\u00fablicas y en las decisiones colectivas.<\/p>\n<p>Es as\u00ed como a partir del mes de junio del a\u00f1o en curso, se di\u00f3 inicio a un proceso de asesor\u00eda y acompa\u00f1amieto en el fortalecimiento institucional de la Corporaci\u00f3n Casa Metanoia, desde tres aspectos especialmente: La planeaci\u00f3n estrat\u00e9gica, la gesti\u00f3n administrativa y financiera y el bienestar integral. Este proceso representa para Paz y Esperanza una valiosa experiencia de aprendizaje en el ejercicio de brindar asesor\u00eda y acompa\u00f1amiento en la gobernanza de otras organizaciones pares\u00a0 que al igual que nosotros inciden en territorio para la transformaci\u00f3n\u00a0 integral de nuestras comunidades.<\/p>\n\n\t\t<style type=\"text\/css\">\n\t\t\t#gallery-1 {\n\t\t\t\tmargin: auto;\n\t\t\t}\n\t\t\t#gallery-1 .gallery-item {\n\t\t\t\tfloat: left;\n\t\t\t\tmargin-top: 10px;\n\t\t\t\ttext-align: center;\n\t\t\t\twidth: 33%;\n\t\t\t}\n\t\t\t#gallery-1 img {\n\t\t\t\tborder: 2px solid #cfcfcf;\n\t\t\t}\n\t\t\t#gallery-1 .gallery-caption {\n\t\t\t\tmargin-left: 0;\n\t\t\t}\n\t\t\t\/* see gallery_shortcode() in wp-includes\/media.php *\/\n\t\t<\/style>\n\t\t<div id='gallery-1' class='gallery galleryid-3331 gallery-columns-3 gallery-size-medium'><dl class='gallery-item'>\n\t\t\t<dt class='gallery-icon landscape'>\n\t\t\t\t<a href='https:\/\/www.pazyesperanza.org\/co\/2026\/08\/acompanamiento-a-casa-metanoia-en-su-fortalecimiento-institucional\/asesoria-casa-metanoia-1\/'><img loading=\"lazy\" decoding=\"async\" width=\"300\" height=\"225\" src=\"https:\/\/www.pazyesperanza.org\/co\/wp-content\/uploads\/sites\/10\/2026\/08\/Asesoria-Casa-Metanoia-1-300x225.jpeg\" class=\"attachment-medium size-medium\" alt=\"\" srcset=\"https:\/\/www.pazyesperanza.org\/co\/wp-content\/uploads\/sites\/10\/2026\/08\/Asesoria-Casa-Metanoia-1-300x225.jpeg 300w, https:\/\/www.pazyesperanza.org\/co\/wp-content\/uploads\/sites\/10\/2026\/08\/Asesoria-Casa-Metanoia-1-1024x768.jpeg 1024w, https:\/\/www.pazyesperanza.org\/co\/wp-content\/uploads\/sites\/10\/2026\/08\/Asesoria-Casa-Metanoia-1-768x576.jpeg 768w, https:\/\/www.pazyesperanza.org\/co\/wp-content\/uploads\/sites\/10\/2026\/08\/Asesoria-Casa-Metanoia-1-1536x1152.jpeg 1536w, https:\/\/www.pazyesperanza.org\/co\/wp-content\/uploads\/sites\/10\/2026\/08\/Asesoria-Casa-Metanoia-1-958x719.jpeg 958w, https:\/\/www.pazyesperanza.org\/co\/wp-content\/uploads\/sites\/10\/2026\/08\/Asesoria-Casa-Metanoia-1.jpeg 1600w\" sizes=\"auto, (max-width: 300px) 100vw, 300px\" \/><\/a>\n\t\t\t<\/dt><\/dl><dl class='gallery-item'>\n\t\t\t<dt class='gallery-icon landscape'>\n\t\t\t\t<a href='https:\/\/www.pazyesperanza.org\/co\/2026\/08\/acompanamiento-a-casa-metanoia-en-su-fortalecimiento-institucional\/asesoria-casa-metanoia-3\/'><img loading=\"lazy\" decoding=\"async\" width=\"300\" height=\"225\" src=\"https:\/\/www.pazyesperanza.org\/co\/wp-content\/uploads\/sites\/10\/2026\/08\/Asesoria-Casa-Metanoia-3-300x225.jpeg\" class=\"attachment-medium size-medium\" alt=\"\" srcset=\"https:\/\/www.pazyesperanza.org\/co\/wp-content\/uploads\/sites\/10\/2026\/08\/Asesoria-Casa-Metanoia-3-300x225.jpeg 300w, https:\/\/www.pazyesperanza.org\/co\/wp-content\/uploads\/sites\/10\/2026\/08\/Asesoria-Casa-Metanoia-3-1024x768.jpeg 1024w, https:\/\/www.pazyesperanza.org\/co\/wp-content\/uploads\/sites\/10\/2026\/08\/Asesoria-Casa-Metanoia-3-768x576.jpeg 768w, https:\/\/www.pazyesperanza.org\/co\/wp-content\/uploads\/sites\/10\/2026\/08\/Asesoria-Casa-Metanoia-3-1536x1152.jpeg 1536w, https:\/\/www.pazyesperanza.org\/co\/wp-content\/uploads\/sites\/10\/2026\/08\/Asesoria-Casa-Metanoia-3-958x719.jpeg 958w, https:\/\/www.pazyesperanza.org\/co\/wp-content\/uploads\/sites\/10\/2026\/08\/Asesoria-Casa-Metanoia-3.jpeg 1600w\" sizes=\"auto, (max-width: 300px) 100vw, 300px\" \/><\/a>\n\t\t\t<\/dt><\/dl><dl class='gallery-item'>\n\t\t\t<dt class='gallery-icon landscape'>\n\t\t\t\t<a href='https:\/\/www.pazyesperanza.org\/co\/2026\/08\/acompanamiento-a-casa-metanoia-en-su-fortalecimiento-institucional\/asesoria-casa-metanoia-4\/'><img loading=\"lazy\" decoding=\"async\" width=\"300\" height=\"225\" src=\"https:\/\/www.pazyesperanza.org\/co\/wp-content\/uploads\/sites\/10\/2026\/08\/Asesoria-Casa-Metanoia-4-300x225.jpeg\" class=\"attachment-medium size-medium\" alt=\"\" srcset=\"https:\/\/www.pazyesperanza.org\/co\/wp-content\/uploads\/sites\/10\/2026\/08\/Asesoria-Casa-Metanoia-4-300x225.jpeg 300w, https:\/\/www.pazyesperanza.org\/co\/wp-content\/uploads\/sites\/10\/2026\/08\/Asesoria-Casa-Metanoia-4-1024x768.jpeg 1024w, https:\/\/www.pazyesperanza.org\/co\/wp-content\/uploads\/sites\/10\/2026\/08\/Asesoria-Casa-Metanoia-4-768x576.jpeg 768w, https:\/\/www.pazyesperanza.org\/co\/wp-content\/uploads\/sites\/10\/2026\/08\/Asesoria-Casa-Metanoia-4-1536x1152.jpeg 1536w, https:\/\/www.pazyesperanza.org\/co\/wp-content\/uploads\/sites\/10\/2026\/08\/Asesoria-Casa-Metanoia-4-958x719.jpeg 958w, https:\/\/www.pazyesperanza.org\/co\/wp-content\/uploads\/sites\/10\/2026\/08\/Asesoria-Casa-Metanoia-4.jpeg 1600w\" sizes=\"auto, (max-width: 300px) 100vw, 300px\" \/><\/a>\n\t\t\t<\/dt><\/dl><br style=\"clear: both\" \/><dl class='gallery-item'>\n\t\t\t<dt class='gallery-icon landscape'>\n\t\t\t\t<a href='https:\/\/www.pazyesperanza.org\/co\/2026\/08\/acompanamiento-a-casa-metanoia-en-su-fortalecimiento-institucional\/whatsapp-image-2026-07-26-at-2-23-52-pm\/'><img loading=\"lazy\" decoding=\"async\" width=\"300\" height=\"225\" src=\"https:\/\/www.pazyesperanza.org\/co\/wp-content\/uploads\/sites\/10\/2026\/08\/WhatsApp-Image-2026-07-26-at-2.23.52-PM-300x225.jpeg\" class=\"attachment-medium size-medium\" alt=\"\" srcset=\"https:\/\/www.pazyesperanza.org\/co\/wp-content\/uploads\/sites\/10\/2026\/08\/WhatsApp-Image-2026-07-26-at-2.23.52-PM-300x225.jpeg 300w, https:\/\/www.pazyesperanza.org\/co\/wp-content\/uploads\/sites\/10\/2026\/08\/WhatsApp-Image-2026-07-26-at-2.23.52-PM-1024x768.jpeg 1024w, https:\/\/www.pazyesperanza.org\/co\/wp-content\/uploads\/sites\/10\/2026\/08\/WhatsApp-Image-2026-07-26-at-2.23.52-PM-768x576.jpeg 768w, https:\/\/www.pazyesperanza.org\/co\/wp-content\/uploads\/sites\/10\/2026\/08\/WhatsApp-Image-2026-07-26-at-2.23.52-PM-1536x1152.jpeg 1536w, https:\/\/www.pazyesperanza.org\/co\/wp-content\/uploads\/sites\/10\/2026\/08\/WhatsApp-Image-2026-07-26-at-2.23.52-PM-958x719.jpeg 958w, https:\/\/www.pazyesperanza.org\/co\/wp-content\/uploads\/sites\/10\/2026\/08\/WhatsApp-Image-2026-07-26-at-2.23.52-PM.jpeg 1600w\" sizes=\"auto, (max-width: 300px) 100vw, 300px\" \/><\/a>\n\t\t\t<\/dt><\/dl><dl class='gallery-item'>\n\t\t\t<dt class='gallery-icon landscape'>\n\t\t\t\t<a href='https:\/\/www.pazyesperanza.org\/co\/2026\/08\/acompanamiento-a-casa-metanoia-en-su-fortalecimiento-institucional\/asesoria-casa-metanoia-5\/'><img loading=\"lazy\" decoding=\"async\" width=\"300\" height=\"225\" src=\"https:\/\/www.pazyesperanza.org\/co\/wp-content\/uploads\/sites\/10\/2026\/08\/Asesoria-Casa-Metanoia-5-300x225.jpeg\" class=\"attachment-medium size-medium\" alt=\"\" srcset=\"https:\/\/www.pazyesperanza.org\/co\/wp-content\/uploads\/sites\/10\/2026\/08\/Asesoria-Casa-Metanoia-5-300x225.jpeg 300w, https:\/\/www.pazyesperanza.org\/co\/wp-content\/uploads\/sites\/10\/2026\/08\/Asesoria-Casa-Metanoia-5-1024x768.jpeg 1024w, https:\/\/www.pazyesperanza.org\/co\/wp-content\/uploads\/sites\/10\/2026\/08\/Asesoria-Casa-Metanoia-5-768x576.jpeg 768w, https:\/\/www.pazyesperanza.org\/co\/wp-content\/uploads\/sites\/10\/2026\/08\/Asesoria-Casa-Metanoia-5-1536x1152.jpeg 1536w, https:\/\/www.pazyesperanza.org\/co\/wp-content\/uploads\/sites\/10\/2026\/08\/Asesoria-Casa-Metanoia-5-958x719.jpeg 958w, https:\/\/www.pazyesperanza.org\/co\/wp-content\/uploads\/sites\/10\/2026\/08\/Asesoria-Casa-Metanoia-5.jpeg 2048w\" sizes=\"auto, (max-width: 300px) 100vw, 300px\" \/><\/a>\n\t\t\t<\/dt><\/dl>\n\t\t\t<br style='clear: both' \/>\n\t\t<\/div>\n\n<p>&nbsp;<\/p>\n","protected":false},"excerpt":{"rendered":"Una de las l\u00edneas estrat\u00e9gicas de Paz y Esperanza Colombia para el 2026-2030, es la Gorbernanza de Paz, la cual consiste en la capacidad institucional y relacional de una organizaci\u00f3n para orientar, gestionar y articular, de manera participativa, transparente, \u00e9tica y corresponsable, sus procesos misionales, program\u00e1ticos, operativos, administrativos y financieros, con el prop\u00f3sito de construir una paz justa (shalom). Esta capacidad se expresa tanto en el fortalecimiento interno de la organizaci\u00f3n como en su acci\u00f3n colaborativa con diversos actores para transformar conflictos, promover la reconciliaci\u00f3n, fortalecer el tejido social e incidir en las pol\u00edticas p\u00fablicas y en las decisiones colectivas. Es as\u00ed como a partir del mes de junio del a\u00f1o en curso, se di\u00f3 inicio a un proceso de asesor\u00eda y acompa\u00f1amieto en el fortalecimiento institucional de la Corporaci\u00f3n Casa Metanoia, desde tres aspectos especialmente: La planeaci\u00f3n estrat\u00e9gica, la gesti\u00f3n administrativa y financiera y el bienestar integral. Este proceso representa para Paz y Esperanza una valiosa experiencia de aprendizaje en el ejercicio de brindar asesor\u00eda y acompa\u00f1amiento en la gobernanza de otras organizaciones pares\u00a0 que al igual que nosotros inciden en territorio para la transformaci\u00f3n\u00a0 integral de nuestras comunidades. &nbsp;","protected":false},"author":11,"featured_media":3332,"comment_status":"open","ping_status":"open","sticky":false,"template":"","format":"standard","meta":{"_monsterinsights_skip_tracking":false,"_monsterinsights_sitenote_active":false,"_monsterinsights_sitenote_note":"","_monsterinsights_sitenote_category":0,"footnotes":""},"categories":[59],"tags":[],"class_list":["post-3331","post","type-post","status-publish","format-standard","has-post-thumbnail","hentry","category-noticias"],"yoast_head":"<!-- This site is optimized with the Yoast SEO plugin v16.3 - https:\/\/yoast.com\/wordpress\/plugins\/seo\/ -->\n<title>Acompa\u00f1amiento a Casa Metanoia en su fortalecimiento institucional - Paz y Esperanza Colombia<\/title>\n<meta name=\"robots\" content=\"index, follow, max-snippet:-1, max-image-preview:large, max-video-preview:-1\" \/>\n<link rel=\"canonical\" href=\"https:\/\/www.pazyesperanza.org\/co\/2026\/08\/acompanamiento-a-casa-metanoia-en-su-fortalecimiento-institucional\/\" \/>\n<meta property=\"og:locale\" content=\"es_ES\" \/>\n<meta property=\"og:type\" content=\"article\" \/>\n<meta property=\"og:title\" content=\"Acompa\u00f1amiento a Casa Metanoia en su fortalecimiento institucional - Paz y Esperanza Colombia\" \/>\n<meta property=\"og:description\" content=\"Una de las l\u00edneas estrat\u00e9gicas de Paz y Esperanza Colombia para el 2026-2030, es la Gorbernanza de Paz, la cual consiste en la capacidad institucional y relacional de una organizaci\u00f3n para orientar, gestionar y articular, de manera participativa, transparente, \u00e9tica y corresponsable, sus procesos misionales, program\u00e1ticos, operativos, administrativos y financieros, con el prop\u00f3sito de construir una paz justa (shalom). Esta capacidad se expresa tanto en el fortalecimiento interno de la organizaci\u00f3n como en su acci\u00f3n colaborativa con diversos actores para transformar conflictos, promover la reconciliaci\u00f3n, fortalecer el tejido social e incidir en las pol\u00edticas p\u00fablicas y en las decisiones colectivas. Es as\u00ed como a partir del mes de junio del a\u00f1o en curso, se di\u00f3 inicio a un proceso de asesor\u00eda y acompa\u00f1amieto en el fortalecimiento institucional de la Corporaci\u00f3n Casa Metanoia, desde tres aspectos especialmente: La planeaci\u00f3n estrat\u00e9gica, la gesti\u00f3n administrativa y financiera y el bienestar integral. Este proceso representa para Paz y Esperanza una valiosa experiencia de aprendizaje en el ejercicio de brindar asesor\u00eda y acompa\u00f1amiento en la gobernanza de otras organizaciones pares\u00a0 que al igual que nosotros inciden en territorio para la transformaci\u00f3n\u00a0 integral de nuestras comunidades. &nbsp;\" \/>\n<meta property=\"og:url\" content=\"https:\/\/www.pazyesperanza.org\/co\/2026\/08\/acompanamiento-a-casa-metanoia-en-su-fortalecimiento-institucional\/\" \/>\n<meta property=\"og:site_name\" content=\"Paz y Esperanza Colombia\" \/>\n<meta property=\"article:published_time\" content=\"2026-08-27T11:39:05+00:00\" \/>\n<meta property=\"article:modified_time\" content=\"2026-08-27T11:41:00+00:00\" \/>\n<meta property=\"og:image\" content=\"https:\/\/www.pazyesperanza.org\/co\/wp-content\/uploads\/sites\/10\/2026\/08\/Asesoria-Casa-Metanoia-1.jpeg\" \/>\n\t<meta property=\"og:image:width\" content=\"1600\" \/>\n\t<meta property=\"og:image:height\" content=\"1200\" \/>\n<meta name=\"twitter:card\" content=\"summary_large_image\" \/>\n<meta name=\"twitter:label1\" content=\"Tiempo de lectura\">\n\t<meta name=\"twitter:data1\" content=\"1 minuto\">\n<script type=\"application\/ld+json\" class=\"yoast-schema-graph\">{\"@context\":\"https:\/\/schema.org\",\"@graph\":[{\"@type\":\"WebSite\",\"@id\":\"https:\/\/www.pazyesperanza.org\/co\/#website\",\"url\":\"https:\/\/www.pazyesperanza.org\/co\/\",\"name\":\"Paz y Esperanza Colombia\",\"description\":\"Apasionados por la justicia\",\"potentialAction\":[{\"@type\":\"SearchAction\",\"target\":\"https:\/\/www.pazyesperanza.org\/co\/?s={search_term_string}\",\"query-input\":\"required name=search_term_string\"}],\"inLanguage\":\"es\"},{\"@type\":\"ImageObject\",\"@id\":\"https:\/\/www.pazyesperanza.org\/co\/2026\/08\/acompanamiento-a-casa-metanoia-en-su-fortalecimiento-institucional\/#primaryimage\",\"inLanguage\":\"es\",\"url\":\"https:\/\/www.pazyesperanza.org\/co\/wp-content\/uploads\/sites\/10\/2026\/08\/Asesoria-Casa-Metanoia-1.jpeg\",\"contentUrl\":\"https:\/\/www.pazyesperanza.org\/co\/wp-content\/uploads\/sites\/10\/2026\/08\/Asesoria-Casa-Metanoia-1.jpeg\",\"width\":1600,\"height\":1200},{\"@type\":\"WebPage\",\"@id\":\"https:\/\/www.pazyesperanza.org\/co\/2026\/08\/acompanamiento-a-casa-metanoia-en-su-fortalecimiento-institucional\/#webpage\",\"url\":\"https:\/\/www.pazyesperanza.org\/co\/2026\/08\/acompanamiento-a-casa-metanoia-en-su-fortalecimiento-institucional\/\",\"name\":\"Acompa\\u00f1amiento a Casa Metanoia en su fortalecimiento institucional - Paz y Esperanza Colombia\",\"isPartOf\":{\"@id\":\"https:\/\/www.pazyesperanza.org\/co\/#website\"},\"primaryImageOfPage\":{\"@id\":\"https:\/\/www.pazyesperanza.org\/co\/2026\/08\/acompanamiento-a-casa-metanoia-en-su-fortalecimiento-institucional\/#primaryimage\"},\"datePublished\":\"2026-08-27T11:39:05+00:00\",\"dateModified\":\"2026-08-27T11:41:00+00:00\",\"author\":{\"@id\":\"https:\/\/www.pazyesperanza.org\/co\/#\/schema\/person\/3a915b784f034d11158978d3f7d67459\"},\"breadcrumb\":{\"@id\":\"https:\/\/www.pazyesperanza.org\/co\/2026\/08\/acompanamiento-a-casa-metanoia-en-su-fortalecimiento-institucional\/#breadcrumb\"},\"inLanguage\":\"es\",\"potentialAction\":[{\"@type\":\"ReadAction\",\"target\":[\"https:\/\/www.pazyesperanza.org\/co\/2026\/08\/acompanamiento-a-casa-metanoia-en-su-fortalecimiento-institucional\/\"]}]},{\"@type\":\"BreadcrumbList\",\"@id\":\"https:\/\/www.pazyesperanza.org\/co\/2026\/08\/acompanamiento-a-casa-metanoia-en-su-fortalecimiento-institucional\/#breadcrumb\",\"itemListElement\":[{\"@type\":\"ListItem\",\"position\":1,\"item\":{\"@type\":\"WebPage\",\"@id\":\"https:\/\/www.pazyesperanza.org\/co\/\",\"url\":\"https:\/\/www.pazyesperanza.org\/co\/\",\"name\":\"Portada\"}},{\"@type\":\"ListItem\",\"position\":2,\"item\":{\"@id\":\"https:\/\/www.pazyesperanza.org\/co\/2026\/08\/acompanamiento-a-casa-metanoia-en-su-fortalecimiento-institucional\/#webpage\"}}]},{\"@type\":\"Person\",\"@id\":\"https:\/\/www.pazyesperanza.org\/co\/#\/schema\/person\/3a915b784f034d11158978d3f7d67459\",\"name\":\"admin-co\",\"image\":{\"@type\":\"ImageObject\",\"@id\":\"https:\/\/www.pazyesperanza.org\/co\/#personlogo\",\"inLanguage\":\"es\",\"url\":\"https:\/\/secure.gravatar.com\/avatar\/a08a00c029b58b6bea48df24dc892a7e1ea42667aa872271d629af1390315551?s=96&d=mm&r=g\",\"contentUrl\":\"https:\/\/secure.gravatar.com\/avatar\/a08a00c029b58b6bea48df24dc892a7e1ea42667aa872271d629af1390315551?s=96&d=mm&r=g\",\"caption\":\"admin-co\"},\"url\":\"https:\/\/www.pazyesperanza.org\/co\/author\/co\/\"}]}<\/script>\n<!-- \/ Yoast SEO plugin. -->","_links":{"self":[{"href":"https:\/\/www.pazyesperanza.org\/co\/wp-json\/wp\/v2\/posts\/3331","targetHints":{"allow":["GET"]}}],"collection":[{"href":"https:\/\/www.pazyesperanza.org\/co\/wp-json\/wp\/v2\/posts"}],"about":[{"href":"https:\/\/www.pazyesperanza.org\/co\/wp-json\/wp\/v2\/types\/post"}],"author":[{"embeddable":true,"href":"https:\/\/www.pazyesperanza.org\/co\/wp-json\/wp\/v2\/users\/11"}],"replies":[{"embeddable":true,"href":"https:\/\/www.pazyesperanza.org\/co\/wp-json\/wp\/v2\/comments?post=3331"}],"version-history":[{"count":2,"href":"https:\/\/www.pazyesperanza.org\/co\/wp-json\/wp\/v2\/posts\/3331\/revisions"}],"predecessor-version":[{"id":3340,"href":"https:\/\/www.pazyesperanza.org\/co\/wp-json\/wp\/v2\/posts\/3331\/revisions\/3340"}],"wp:featuredmedia":[{"embeddable":true,"href":"https:\/\/www.pazyesperanza.org\/co\/wp-json\/wp\/v2\/media\/3332"}],"wp:attachment":[{"href":"https:\/\/www.pazyesperanza.org\/co\/wp-json\/wp\/v2\/media?parent=3331"}],"wp:term":[{"taxonomy":"category","embeddable":true,"href":"https:\/\/www.pazyesperanza.org\/co\/wp-json\/wp\/v2\/categories?post=3331"},{"taxonomy":"post_tag","embeddable":true,"href":"https:\/\/www.pazyesperanza.org\/co\/wp-json\/wp\/v2\/tags?post=3331"}],"curies":[{"name":"wp","href":"https:\/\/api.w.org\/{rel}","templated":true}]}}