{"id":3318,"date":"2026-08-27T07:52:46","date_gmt":"2026-08-27T07:52:46","guid":{"rendered":"https:\/\/www.pazyesperanza.org\/co\/?p=3318"},"modified":"2026-08-27T07:54:14","modified_gmt":"2026-08-27T07:54:14","slug":"clausura-proceso-con-mujeres-de-la-memoria-casa-metanoia","status":"publish","type":"post","link":"https:\/\/www.pazyesperanza.org\/co\/2026\/08\/clausura-proceso-con-mujeres-de-la-memoria-casa-metanoia\/","title":{"rendered":"Clausura: Proceso con Mujeres de la Memoria Casa Metanoia"},"content":{"rendered":"<p>El encuentro de cierre con las Mujeres de la Memor\u00eda de Casa Metanoia fue un encuentro para destacar las experiencias de las participantes en su proceso de reconocimiento de heridas y sanaci\u00f3n en Cristo.<\/p>\n<p>En este encuentro realizado el martes 11 de agosto, las mujeres pudieron compartir sus testimonios dando a conocer el poder transformador de Dios en ellas y en su comunidad, se espera que podamos continuar contribuyendo a su proceso de transformaci\u00f3n personal y territorial.<\/p>\n<p>A continuaci\u00f3n te damos a conocer los momentos m\u00e1s significativos.<\/p>\n\n\t\t<style type=\"text\/css\">\n\t\t\t#gallery-1 {\n\t\t\t\tmargin: auto;\n\t\t\t}\n\t\t\t#gallery-1 .gallery-item {\n\t\t\t\tfloat: left;\n\t\t\t\tmargin-top: 10px;\n\t\t\t\ttext-align: center;\n\t\t\t\twidth: 33%;\n\t\t\t}\n\t\t\t#gallery-1 img {\n\t\t\t\tborder: 2px solid #cfcfcf;\n\t\t\t}\n\t\t\t#gallery-1 .gallery-caption {\n\t\t\t\tmargin-left: 0;\n\t\t\t}\n\t\t\t\/* see gallery_shortcode() in wp-includes\/media.php *\/\n\t\t<\/style>\n\t\t<div id='gallery-1' class='gallery galleryid-3318 gallery-columns-3 gallery-size-medium'><dl class='gallery-item'>\n\t\t\t<dt class='gallery-icon portrait'>\n\t\t\t\t<a href='https:\/\/www.pazyesperanza.org\/co\/2026\/08\/clausura-proceso-con-mujeres-de-la-memoria-casa-metanoia\/1-3\/'><img loading=\"lazy\" decoding=\"async\" width=\"226\" height=\"300\" src=\"https:\/\/www.pazyesperanza.org\/co\/wp-content\/uploads\/sites\/10\/2026\/08\/1-226x300.jpeg\" class=\"attachment-medium size-medium\" alt=\"\" srcset=\"https:\/\/www.pazyesperanza.org\/co\/wp-content\/uploads\/sites\/10\/2026\/08\/1-226x300.jpeg 226w, https:\/\/www.pazyesperanza.org\/co\/wp-content\/uploads\/sites\/10\/2026\/08\/1-771x1024.jpeg 771w, https:\/\/www.pazyesperanza.org\/co\/wp-content\/uploads\/sites\/10\/2026\/08\/1-768x1021.jpeg 768w, https:\/\/www.pazyesperanza.org\/co\/wp-content\/uploads\/sites\/10\/2026\/08\/1-1156x1536.jpeg 1156w, https:\/\/www.pazyesperanza.org\/co\/wp-content\/uploads\/sites\/10\/2026\/08\/1-958x1273.jpeg 958w, https:\/\/www.pazyesperanza.org\/co\/wp-content\/uploads\/sites\/10\/2026\/08\/1.jpeg 1204w\" sizes=\"auto, (max-width: 226px) 100vw, 226px\" \/><\/a>\n\t\t\t<\/dt><\/dl><dl class='gallery-item'>\n\t\t\t<dt class='gallery-icon portrait'>\n\t\t\t\t<a href='https:\/\/www.pazyesperanza.org\/co\/2026\/08\/clausura-proceso-con-mujeres-de-la-memoria-casa-metanoia\/2-2\/'><img loading=\"lazy\" decoding=\"async\" width=\"225\" height=\"300\" src=\"https:\/\/www.pazyesperanza.org\/co\/wp-content\/uploads\/sites\/10\/2026\/08\/2-225x300.jpeg\" class=\"attachment-medium size-medium\" alt=\"\" srcset=\"https:\/\/www.pazyesperanza.org\/co\/wp-content\/uploads\/sites\/10\/2026\/08\/2-225x300.jpeg 225w, https:\/\/www.pazyesperanza.org\/co\/wp-content\/uploads\/sites\/10\/2026\/08\/2-768x1024.jpeg 768w, https:\/\/www.pazyesperanza.org\/co\/wp-content\/uploads\/sites\/10\/2026\/08\/2-1152x1536.jpeg 1152w, https:\/\/www.pazyesperanza.org\/co\/wp-content\/uploads\/sites\/10\/2026\/08\/2-958x1277.jpeg 958w, https:\/\/www.pazyesperanza.org\/co\/wp-content\/uploads\/sites\/10\/2026\/08\/2.jpeg 1200w\" sizes=\"auto, (max-width: 225px) 100vw, 225px\" \/><\/a>\n\t\t\t<\/dt><\/dl><dl class='gallery-item'>\n\t\t\t<dt class='gallery-icon landscape'>\n\t\t\t\t<a href='https:\/\/www.pazyesperanza.org\/co\/2026\/08\/clausura-proceso-con-mujeres-de-la-memoria-casa-metanoia\/3-2\/'><img loading=\"lazy\" decoding=\"async\" width=\"300\" height=\"225\" src=\"https:\/\/www.pazyesperanza.org\/co\/wp-content\/uploads\/sites\/10\/2026\/08\/3-300x225.jpeg\" class=\"attachment-medium size-medium\" alt=\"\" srcset=\"https:\/\/www.pazyesperanza.org\/co\/wp-content\/uploads\/sites\/10\/2026\/08\/3-300x225.jpeg 300w, https:\/\/www.pazyesperanza.org\/co\/wp-content\/uploads\/sites\/10\/2026\/08\/3-1024x768.jpeg 1024w, https:\/\/www.pazyesperanza.org\/co\/wp-content\/uploads\/sites\/10\/2026\/08\/3-768x576.jpeg 768w, https:\/\/www.pazyesperanza.org\/co\/wp-content\/uploads\/sites\/10\/2026\/08\/3-1536x1152.jpeg 1536w, https:\/\/www.pazyesperanza.org\/co\/wp-content\/uploads\/sites\/10\/2026\/08\/3-958x719.jpeg 958w, https:\/\/www.pazyesperanza.org\/co\/wp-content\/uploads\/sites\/10\/2026\/08\/3.jpeg 1600w\" sizes=\"auto, (max-width: 300px) 100vw, 300px\" \/><\/a>\n\t\t\t<\/dt><\/dl><br style=\"clear: both\" \/><dl class='gallery-item'>\n\t\t\t<dt class='gallery-icon landscape'>\n\t\t\t\t<a href='https:\/\/www.pazyesperanza.org\/co\/2026\/08\/clausura-proceso-con-mujeres-de-la-memoria-casa-metanoia\/4-3\/'><img loading=\"lazy\" decoding=\"async\" width=\"300\" height=\"226\" src=\"https:\/\/www.pazyesperanza.org\/co\/wp-content\/uploads\/sites\/10\/2026\/08\/4-300x226.jpeg\" class=\"attachment-medium size-medium\" alt=\"\" srcset=\"https:\/\/www.pazyesperanza.org\/co\/wp-content\/uploads\/sites\/10\/2026\/08\/4-300x226.jpeg 300w, https:\/\/www.pazyesperanza.org\/co\/wp-content\/uploads\/sites\/10\/2026\/08\/4-1024x771.jpeg 1024w, https:\/\/www.pazyesperanza.org\/co\/wp-content\/uploads\/sites\/10\/2026\/08\/4-768x578.jpeg 768w, https:\/\/www.pazyesperanza.org\/co\/wp-content\/uploads\/sites\/10\/2026\/08\/4-1536x1156.jpeg 1536w, https:\/\/www.pazyesperanza.org\/co\/wp-content\/uploads\/sites\/10\/2026\/08\/4-958x721.jpeg 958w, https:\/\/www.pazyesperanza.org\/co\/wp-content\/uploads\/sites\/10\/2026\/08\/4.jpeg 1600w\" sizes=\"auto, (max-width: 300px) 100vw, 300px\" \/><\/a>\n\t\t\t<\/dt><\/dl><dl class='gallery-item'>\n\t\t\t<dt class='gallery-icon portrait'>\n\t\t\t\t<a href='https:\/\/www.pazyesperanza.org\/co\/2026\/08\/clausura-proceso-con-mujeres-de-la-memoria-casa-metanoia\/5-2\/'><img loading=\"lazy\" decoding=\"async\" width=\"226\" height=\"300\" src=\"https:\/\/www.pazyesperanza.org\/co\/wp-content\/uploads\/sites\/10\/2026\/08\/5-226x300.jpeg\" class=\"attachment-medium size-medium\" alt=\"\" srcset=\"https:\/\/www.pazyesperanza.org\/co\/wp-content\/uploads\/sites\/10\/2026\/08\/5-226x300.jpeg 226w, https:\/\/www.pazyesperanza.org\/co\/wp-content\/uploads\/sites\/10\/2026\/08\/5-771x1024.jpeg 771w, https:\/\/www.pazyesperanza.org\/co\/wp-content\/uploads\/sites\/10\/2026\/08\/5-768x1021.jpeg 768w, https:\/\/www.pazyesperanza.org\/co\/wp-content\/uploads\/sites\/10\/2026\/08\/5-1156x1536.jpeg 1156w, https:\/\/www.pazyesperanza.org\/co\/wp-content\/uploads\/sites\/10\/2026\/08\/5-958x1273.jpeg 958w, https:\/\/www.pazyesperanza.org\/co\/wp-content\/uploads\/sites\/10\/2026\/08\/5.jpeg 1204w\" sizes=\"auto, (max-width: 226px) 100vw, 226px\" \/><\/a>\n\t\t\t<\/dt><\/dl><dl class='gallery-item'>\n\t\t\t<dt class='gallery-icon portrait'>\n\t\t\t\t<a href='https:\/\/www.pazyesperanza.org\/co\/2026\/08\/clausura-proceso-con-mujeres-de-la-memoria-casa-metanoia\/6-2\/'><img loading=\"lazy\" decoding=\"async\" width=\"226\" height=\"300\" src=\"https:\/\/www.pazyesperanza.org\/co\/wp-content\/uploads\/sites\/10\/2026\/08\/6-226x300.jpeg\" class=\"attachment-medium size-medium\" alt=\"\" srcset=\"https:\/\/www.pazyesperanza.org\/co\/wp-content\/uploads\/sites\/10\/2026\/08\/6-226x300.jpeg 226w, https:\/\/www.pazyesperanza.org\/co\/wp-content\/uploads\/sites\/10\/2026\/08\/6-771x1024.jpeg 771w, https:\/\/www.pazyesperanza.org\/co\/wp-content\/uploads\/sites\/10\/2026\/08\/6-768x1021.jpeg 768w, https:\/\/www.pazyesperanza.org\/co\/wp-content\/uploads\/sites\/10\/2026\/08\/6-1156x1536.jpeg 1156w, https:\/\/www.pazyesperanza.org\/co\/wp-content\/uploads\/sites\/10\/2026\/08\/6-958x1273.jpeg 958w, https:\/\/www.pazyesperanza.org\/co\/wp-content\/uploads\/sites\/10\/2026\/08\/6.jpeg 1204w\" sizes=\"auto, (max-width: 226px) 100vw, 226px\" \/><\/a>\n\t\t\t<\/dt><\/dl><br style=\"clear: both\" \/><dl class='gallery-item'>\n\t\t\t<dt class='gallery-icon landscape'>\n\t\t\t\t<a href='https:\/\/www.pazyesperanza.org\/co\/2026\/08\/clausura-proceso-con-mujeres-de-la-memoria-casa-metanoia\/7-2\/'><img loading=\"lazy\" decoding=\"async\" width=\"300\" height=\"226\" src=\"https:\/\/www.pazyesperanza.org\/co\/wp-content\/uploads\/sites\/10\/2026\/08\/7-300x226.jpeg\" class=\"attachment-medium size-medium\" alt=\"\" srcset=\"https:\/\/www.pazyesperanza.org\/co\/wp-content\/uploads\/sites\/10\/2026\/08\/7-300x226.jpeg 300w, https:\/\/www.pazyesperanza.org\/co\/wp-content\/uploads\/sites\/10\/2026\/08\/7-1024x771.jpeg 1024w, https:\/\/www.pazyesperanza.org\/co\/wp-content\/uploads\/sites\/10\/2026\/08\/7-768x578.jpeg 768w, https:\/\/www.pazyesperanza.org\/co\/wp-content\/uploads\/sites\/10\/2026\/08\/7-1536x1156.jpeg 1536w, https:\/\/www.pazyesperanza.org\/co\/wp-content\/uploads\/sites\/10\/2026\/08\/7-958x721.jpeg 958w, https:\/\/www.pazyesperanza.org\/co\/wp-content\/uploads\/sites\/10\/2026\/08\/7.jpeg 1600w\" sizes=\"auto, (max-width: 300px) 100vw, 300px\" \/><\/a>\n\t\t\t<\/dt><\/dl><dl class='gallery-item'>\n\t\t\t<dt class='gallery-icon landscape'>\n\t\t\t\t<a href='https:\/\/www.pazyesperanza.org\/co\/2026\/08\/clausura-proceso-con-mujeres-de-la-memoria-casa-metanoia\/8-3\/'><img loading=\"lazy\" decoding=\"async\" width=\"300\" height=\"226\" src=\"https:\/\/www.pazyesperanza.org\/co\/wp-content\/uploads\/sites\/10\/2026\/08\/8-300x226.jpeg\" class=\"attachment-medium size-medium\" alt=\"\" srcset=\"https:\/\/www.pazyesperanza.org\/co\/wp-content\/uploads\/sites\/10\/2026\/08\/8-300x226.jpeg 300w, https:\/\/www.pazyesperanza.org\/co\/wp-content\/uploads\/sites\/10\/2026\/08\/8-1024x771.jpeg 1024w, https:\/\/www.pazyesperanza.org\/co\/wp-content\/uploads\/sites\/10\/2026\/08\/8-768x578.jpeg 768w, https:\/\/www.pazyesperanza.org\/co\/wp-content\/uploads\/sites\/10\/2026\/08\/8-1536x1156.jpeg 1536w, https:\/\/www.pazyesperanza.org\/co\/wp-content\/uploads\/sites\/10\/2026\/08\/8-958x721.jpeg 958w, https:\/\/www.pazyesperanza.org\/co\/wp-content\/uploads\/sites\/10\/2026\/08\/8.jpeg 1600w\" sizes=\"auto, (max-width: 300px) 100vw, 300px\" \/><\/a>\n\t\t\t<\/dt><\/dl>\n\t\t\t<br style='clear: both' \/>\n\t\t<\/div>\n\n","protected":false},"excerpt":{"rendered":"El encuentro de cierre con las Mujeres de la Memor\u00eda de Casa Metanoia fue un encuentro para destacar las experiencias de las participantes en su proceso de reconocimiento de heridas y sanaci\u00f3n en Cristo. En este encuentro realizado el martes 11 de agosto, las mujeres pudieron compartir sus testimonios dando a conocer el poder transformador de Dios en ellas y en su comunidad, se espera que podamos continuar contribuyendo a su proceso de transformaci\u00f3n personal y territorial. A continuaci\u00f3n te damos a conocer los momentos m\u00e1s significativos.","protected":false},"author":11,"featured_media":3326,"comment_status":"open","ping_status":"open","sticky":false,"template":"","format":"standard","meta":{"_monsterinsights_skip_tracking":false,"_monsterinsights_sitenote_active":false,"_monsterinsights_sitenote_note":"","_monsterinsights_sitenote_category":0,"footnotes":""},"categories":[7],"tags":[],"class_list":["post-3318","post","type-post","status-publish","format-standard","has-post-thumbnail","hentry","category-historias"],"yoast_head":"<!-- This site is optimized with the Yoast SEO plugin v16.3 - https:\/\/yoast.com\/wordpress\/plugins\/seo\/ -->\n<title>Clausura: Proceso con Mujeres de la Memoria Casa Metanoia - Paz y Esperanza Colombia<\/title>\n<meta name=\"robots\" content=\"index, follow, max-snippet:-1, max-image-preview:large, max-video-preview:-1\" \/>\n<link rel=\"canonical\" href=\"https:\/\/www.pazyesperanza.org\/co\/2026\/08\/clausura-proceso-con-mujeres-de-la-memoria-casa-metanoia\/\" \/>\n<meta property=\"og:locale\" content=\"es_ES\" \/>\n<meta property=\"og:type\" content=\"article\" \/>\n<meta property=\"og:title\" content=\"Clausura: Proceso con Mujeres de la Memoria Casa Metanoia - Paz y Esperanza Colombia\" \/>\n<meta property=\"og:description\" content=\"El encuentro de cierre con las Mujeres de la Memor\u00eda de Casa Metanoia fue un encuentro para destacar las experiencias de las participantes en su proceso de reconocimiento de heridas y sanaci\u00f3n en Cristo. En este encuentro realizado el martes 11 de agosto, las mujeres pudieron compartir sus testimonios dando a conocer el poder transformador de Dios en ellas y en su comunidad, se espera que podamos continuar contribuyendo a su proceso de transformaci\u00f3n personal y territorial. A continuaci\u00f3n te damos a conocer los momentos m\u00e1s significativos.\" \/>\n<meta property=\"og:url\" content=\"https:\/\/www.pazyesperanza.org\/co\/2026\/08\/clausura-proceso-con-mujeres-de-la-memoria-casa-metanoia\/\" \/>\n<meta property=\"og:site_name\" content=\"Paz y Esperanza Colombia\" \/>\n<meta property=\"article:published_time\" content=\"2026-08-27T07:52:46+00:00\" \/>\n<meta property=\"article:modified_time\" content=\"2026-08-27T07:54:14+00:00\" \/>\n<meta property=\"og:image\" content=\"https:\/\/www.pazyesperanza.org\/co\/wp-content\/uploads\/sites\/10\/2026\/08\/8.jpeg\" \/>\n\t<meta property=\"og:image:width\" content=\"1600\" \/>\n\t<meta property=\"og:image:height\" content=\"1204\" \/>\n<meta name=\"twitter:card\" content=\"summary_large_image\" \/>\n<script type=\"application\/ld+json\" class=\"yoast-schema-graph\">{\"@context\":\"https:\/\/schema.org\",\"@graph\":[{\"@type\":\"WebSite\",\"@id\":\"https:\/\/www.pazyesperanza.org\/co\/#website\",\"url\":\"https:\/\/www.pazyesperanza.org\/co\/\",\"name\":\"Paz y Esperanza Colombia\",\"description\":\"Apasionados por la justicia\",\"potentialAction\":[{\"@type\":\"SearchAction\",\"target\":\"https:\/\/www.pazyesperanza.org\/co\/?s={search_term_string}\",\"query-input\":\"required name=search_term_string\"}],\"inLanguage\":\"es\"},{\"@type\":\"ImageObject\",\"@id\":\"https:\/\/www.pazyesperanza.org\/co\/2026\/08\/clausura-proceso-con-mujeres-de-la-memoria-casa-metanoia\/#primaryimage\",\"inLanguage\":\"es\",\"url\":\"https:\/\/www.pazyesperanza.org\/co\/wp-content\/uploads\/sites\/10\/2026\/08\/8.jpeg\",\"contentUrl\":\"https:\/\/www.pazyesperanza.org\/co\/wp-content\/uploads\/sites\/10\/2026\/08\/8.jpeg\",\"width\":1600,\"height\":1204},{\"@type\":\"WebPage\",\"@id\":\"https:\/\/www.pazyesperanza.org\/co\/2026\/08\/clausura-proceso-con-mujeres-de-la-memoria-casa-metanoia\/#webpage\",\"url\":\"https:\/\/www.pazyesperanza.org\/co\/2026\/08\/clausura-proceso-con-mujeres-de-la-memoria-casa-metanoia\/\",\"name\":\"Clausura: Proceso con Mujeres de la Memoria Casa Metanoia - Paz y Esperanza Colombia\",\"isPartOf\":{\"@id\":\"https:\/\/www.pazyesperanza.org\/co\/#website\"},\"primaryImageOfPage\":{\"@id\":\"https:\/\/www.pazyesperanza.org\/co\/2026\/08\/clausura-proceso-con-mujeres-de-la-memoria-casa-metanoia\/#primaryimage\"},\"datePublished\":\"2026-08-27T07:52:46+00:00\",\"dateModified\":\"2026-08-27T07:54:14+00:00\",\"author\":{\"@id\":\"https:\/\/www.pazyesperanza.org\/co\/#\/schema\/person\/3a915b784f034d11158978d3f7d67459\"},\"breadcrumb\":{\"@id\":\"https:\/\/www.pazyesperanza.org\/co\/2026\/08\/clausura-proceso-con-mujeres-de-la-memoria-casa-metanoia\/#breadcrumb\"},\"inLanguage\":\"es\",\"potentialAction\":[{\"@type\":\"ReadAction\",\"target\":[\"https:\/\/www.pazyesperanza.org\/co\/2026\/08\/clausura-proceso-con-mujeres-de-la-memoria-casa-metanoia\/\"]}]},{\"@type\":\"BreadcrumbList\",\"@id\":\"https:\/\/www.pazyesperanza.org\/co\/2026\/08\/clausura-proceso-con-mujeres-de-la-memoria-casa-metanoia\/#breadcrumb\",\"itemListElement\":[{\"@type\":\"ListItem\",\"position\":1,\"item\":{\"@type\":\"WebPage\",\"@id\":\"https:\/\/www.pazyesperanza.org\/co\/\",\"url\":\"https:\/\/www.pazyesperanza.org\/co\/\",\"name\":\"Portada\"}},{\"@type\":\"ListItem\",\"position\":2,\"item\":{\"@id\":\"https:\/\/www.pazyesperanza.org\/co\/2026\/08\/clausura-proceso-con-mujeres-de-la-memoria-casa-metanoia\/#webpage\"}}]},{\"@type\":\"Person\",\"@id\":\"https:\/\/www.pazyesperanza.org\/co\/#\/schema\/person\/3a915b784f034d11158978d3f7d67459\",\"name\":\"admin-co\",\"image\":{\"@type\":\"ImageObject\",\"@id\":\"https:\/\/www.pazyesperanza.org\/co\/#personlogo\",\"inLanguage\":\"es\",\"url\":\"https:\/\/secure.gravatar.com\/avatar\/a08a00c029b58b6bea48df24dc892a7e1ea42667aa872271d629af1390315551?s=96&d=mm&r=g\",\"contentUrl\":\"https:\/\/secure.gravatar.com\/avatar\/a08a00c029b58b6bea48df24dc892a7e1ea42667aa872271d629af1390315551?s=96&d=mm&r=g\",\"caption\":\"admin-co\"},\"url\":\"https:\/\/www.pazyesperanza.org\/co\/author\/co\/\"}]}<\/script>\n<!-- \/ Yoast SEO plugin. -->","_links":{"self":[{"href":"https:\/\/www.pazyesperanza.org\/co\/wp-json\/wp\/v2\/posts\/3318","targetHints":{"allow":["GET"]}}],"collection":[{"href":"https:\/\/www.pazyesperanza.org\/co\/wp-json\/wp\/v2\/posts"}],"about":[{"href":"https:\/\/www.pazyesperanza.org\/co\/wp-json\/wp\/v2\/types\/post"}],"author":[{"embeddable":true,"href":"https:\/\/www.pazyesperanza.org\/co\/wp-json\/wp\/v2\/users\/11"}],"replies":[{"embeddable":true,"href":"https:\/\/www.pazyesperanza.org\/co\/wp-json\/wp\/v2\/comments?post=3318"}],"version-history":[{"count":3,"href":"https:\/\/www.pazyesperanza.org\/co\/wp-json\/wp\/v2\/posts\/3318\/revisions"}],"predecessor-version":[{"id":3330,"href":"https:\/\/www.pazyesperanza.org\/co\/wp-json\/wp\/v2\/posts\/3318\/revisions\/3330"}],"wp:featuredmedia":[{"embeddable":true,"href":"https:\/\/www.pazyesperanza.org\/co\/wp-json\/wp\/v2\/media\/3326"}],"wp:attachment":[{"href":"https:\/\/www.pazyesperanza.org\/co\/wp-json\/wp\/v2\/media?parent=3318"}],"wp:term":[{"taxonomy":"category","embeddable":true,"href":"https:\/\/www.pazyesperanza.org\/co\/wp-json\/wp\/v2\/categories?post=3318"},{"taxonomy":"post_tag","embeddable":true,"href":"https:\/\/www.pazyesperanza.org\/co\/wp-json\/wp\/v2\/tags?post=3318"}],"curies":[{"name":"wp","href":"https:\/\/api.w.org\/{rel}","templated":true}]}}