{"id":3207,"date":"2026-04-28T21:17:35","date_gmt":"2026-04-28T21:17:35","guid":{"rendered":"https:\/\/www.pazyesperanza.org\/co\/?p=3207"},"modified":"2026-04-28T21:24:40","modified_gmt":"2026-04-28T21:24:40","slug":"lanzamiento-de-la-cartilla-de-mision-integral-y-salud-mental","status":"publish","type":"post","link":"https:\/\/www.pazyesperanza.org\/co\/2026\/04\/lanzamiento-de-la-cartilla-de-mision-integral-y-salud-mental\/","title":{"rendered":"Lanzamiento de la Cartilla de Misi\u00f3n Integral y Salud Mental"},"content":{"rendered":"<p>El pasado s\u00e1bado 25 de abril, celebramos el Lanzamiento de la Cartilla de Misi\u00f3n Integral y Salud Mental: Experiencias de mediaci\u00f3n e intervenci\u00f3n pastoral.<\/p>\n<p>Agradecemos al Se\u00f1or por este gran logro y a las organizaciones basadas en la fe que junto con Paz y Esperanza Colombia trabajaron mancomunadamente durante un a\u00f1o en el proceso de compilaci\u00f3n de este valioso recurso. Estamos seguros que ser\u00e1 de gran apoyo para el acompa\u00f1amiento pastoral en salud mental hacia las personas, familias y comunidades con quienes trabajamos.<\/p>\n<p>&#8220;La participaci\u00f3n activa de las Organizaciones basadas en la fe en la construcci\u00f3n de esta cartilla no solo busca visibilizar sus experiencias, sino tambi\u00e9n abrir un espacio de reflexi\u00f3n donde la fe se reconozca como un componente vivo e inseparable del acompa\u00f1amiento pastoral. Este apartado nace del deseo de aportar miradas significativas que permitan un di\u00e1logo honesto entre la perspectiva cristiana y la salud mental, entendiendo que ambos campos pueden encontrarse y enriquecerse mutuamente. Consideramos este proceso profundamente pertinente, pues lo asumimos como una respuesta al llamado del Se\u00f1or.\u00a0 &#8220;Esfu\u00e9rcense por a\u00f1adir a su fe, virtud, a su virtud, conocimiento&#8221;. 2 Pedro 1:5.\u00a0 (Cartilla de Misi\u00f3n Integral y Salud Mental, p\u00e1gina 6)<\/p>\n\n\t\t<style type=\"text\/css\">\n\t\t\t#gallery-1 {\n\t\t\t\tmargin: auto;\n\t\t\t}\n\t\t\t#gallery-1 .gallery-item {\n\t\t\t\tfloat: left;\n\t\t\t\tmargin-top: 10px;\n\t\t\t\ttext-align: center;\n\t\t\t\twidth: 33%;\n\t\t\t}\n\t\t\t#gallery-1 img {\n\t\t\t\tborder: 2px solid #cfcfcf;\n\t\t\t}\n\t\t\t#gallery-1 .gallery-caption {\n\t\t\t\tmargin-left: 0;\n\t\t\t}\n\t\t\t\/* see gallery_shortcode() in wp-includes\/media.php *\/\n\t\t<\/style>\n\t\t<div id='gallery-1' class='gallery galleryid-3207 gallery-columns-3 gallery-size-thumbnail'><dl class='gallery-item'>\n\t\t\t<dt class='gallery-icon portrait'>\n\t\t\t\t<a href='https:\/\/www.pazyesperanza.org\/co\/2026\/04\/lanzamiento-de-la-cartilla-de-mision-integral-y-salud-mental\/whatsapp-image-2026-04-28-at-2-32-08-pm-1\/'><img loading=\"lazy\" decoding=\"async\" width=\"150\" height=\"150\" src=\"https:\/\/www.pazyesperanza.org\/co\/wp-content\/uploads\/sites\/10\/2026\/04\/WhatsApp-Image-2026-04-28-at-2.32.08-PM-1-150x150.jpeg\" class=\"attachment-thumbnail size-thumbnail\" alt=\"\" srcset=\"https:\/\/www.pazyesperanza.org\/co\/wp-content\/uploads\/sites\/10\/2026\/04\/WhatsApp-Image-2026-04-28-at-2.32.08-PM-1-150x150.jpeg 150w, https:\/\/www.pazyesperanza.org\/co\/wp-content\/uploads\/sites\/10\/2026\/04\/WhatsApp-Image-2026-04-28-at-2.32.08-PM-1-70x70.jpeg 70w\" sizes=\"auto, (max-width: 150px) 100vw, 150px\" \/><\/a>\n\t\t\t<\/dt><\/dl><dl class='gallery-item'>\n\t\t\t<dt class='gallery-icon landscape'>\n\t\t\t\t<a href='https:\/\/www.pazyesperanza.org\/co\/2026\/04\/lanzamiento-de-la-cartilla-de-mision-integral-y-salud-mental\/whatsapp-image-2026-04-28-at-2-32-08-pm\/'><img loading=\"lazy\" decoding=\"async\" width=\"150\" height=\"150\" src=\"https:\/\/www.pazyesperanza.org\/co\/wp-content\/uploads\/sites\/10\/2026\/04\/WhatsApp-Image-2026-04-28-at-2.32.08-PM-150x150.jpeg\" class=\"attachment-thumbnail size-thumbnail\" alt=\"\" srcset=\"https:\/\/www.pazyesperanza.org\/co\/wp-content\/uploads\/sites\/10\/2026\/04\/WhatsApp-Image-2026-04-28-at-2.32.08-PM-150x150.jpeg 150w, https:\/\/www.pazyesperanza.org\/co\/wp-content\/uploads\/sites\/10\/2026\/04\/WhatsApp-Image-2026-04-28-at-2.32.08-PM-70x70.jpeg 70w\" sizes=\"auto, (max-width: 150px) 100vw, 150px\" \/><\/a>\n\t\t\t<\/dt><\/dl><dl class='gallery-item'>\n\t\t\t<dt class='gallery-icon landscape'>\n\t\t\t\t<a href='https:\/\/www.pazyesperanza.org\/co\/2026\/04\/lanzamiento-de-la-cartilla-de-mision-integral-y-salud-mental\/whatsapp-image-2026-04-28-at-2-32-07-pm\/'><img loading=\"lazy\" decoding=\"async\" width=\"150\" height=\"150\" src=\"https:\/\/www.pazyesperanza.org\/co\/wp-content\/uploads\/sites\/10\/2026\/04\/WhatsApp-Image-2026-04-28-at-2.32.07-PM-150x150.jpeg\" class=\"attachment-thumbnail size-thumbnail\" alt=\"\" srcset=\"https:\/\/www.pazyesperanza.org\/co\/wp-content\/uploads\/sites\/10\/2026\/04\/WhatsApp-Image-2026-04-28-at-2.32.07-PM-150x150.jpeg 150w, https:\/\/www.pazyesperanza.org\/co\/wp-content\/uploads\/sites\/10\/2026\/04\/WhatsApp-Image-2026-04-28-at-2.32.07-PM-70x70.jpeg 70w\" sizes=\"auto, (max-width: 150px) 100vw, 150px\" \/><\/a>\n\t\t\t<\/dt><\/dl><br style=\"clear: both\" \/><dl class='gallery-item'>\n\t\t\t<dt class='gallery-icon landscape'>\n\t\t\t\t<a href='https:\/\/www.pazyesperanza.org\/co\/2026\/04\/lanzamiento-de-la-cartilla-de-mision-integral-y-salud-mental\/whatsapp-image-2026-04-28-at-2-32-06-pm\/'><img loading=\"lazy\" decoding=\"async\" width=\"150\" height=\"150\" src=\"https:\/\/www.pazyesperanza.org\/co\/wp-content\/uploads\/sites\/10\/2026\/04\/WhatsApp-Image-2026-04-28-at-2.32.06-PM-150x150.jpeg\" class=\"attachment-thumbnail size-thumbnail\" alt=\"\" srcset=\"https:\/\/www.pazyesperanza.org\/co\/wp-content\/uploads\/sites\/10\/2026\/04\/WhatsApp-Image-2026-04-28-at-2.32.06-PM-150x150.jpeg 150w, https:\/\/www.pazyesperanza.org\/co\/wp-content\/uploads\/sites\/10\/2026\/04\/WhatsApp-Image-2026-04-28-at-2.32.06-PM-70x70.jpeg 70w\" sizes=\"auto, (max-width: 150px) 100vw, 150px\" \/><\/a>\n\t\t\t<\/dt><\/dl><dl class='gallery-item'>\n\t\t\t<dt class='gallery-icon landscape'>\n\t\t\t\t<a href='https:\/\/www.pazyesperanza.org\/co\/2026\/04\/lanzamiento-de-la-cartilla-de-mision-integral-y-salud-mental\/whatsapp-image-2026-04-28-at-2-32-03-pm\/'><img loading=\"lazy\" decoding=\"async\" width=\"150\" height=\"150\" src=\"https:\/\/www.pazyesperanza.org\/co\/wp-content\/uploads\/sites\/10\/2026\/04\/WhatsApp-Image-2026-04-28-at-2.32.03-PM-150x150.jpeg\" class=\"attachment-thumbnail size-thumbnail\" alt=\"\" srcset=\"https:\/\/www.pazyesperanza.org\/co\/wp-content\/uploads\/sites\/10\/2026\/04\/WhatsApp-Image-2026-04-28-at-2.32.03-PM-150x150.jpeg 150w, https:\/\/www.pazyesperanza.org\/co\/wp-content\/uploads\/sites\/10\/2026\/04\/WhatsApp-Image-2026-04-28-at-2.32.03-PM-70x70.jpeg 70w\" sizes=\"auto, (max-width: 150px) 100vw, 150px\" \/><\/a>\n\t\t\t<\/dt><\/dl><dl class='gallery-item'>\n\t\t\t<dt class='gallery-icon portrait'>\n\t\t\t\t<a href='https:\/\/www.pazyesperanza.org\/co\/2026\/04\/lanzamiento-de-la-cartilla-de-mision-integral-y-salud-mental\/whatsapp-image-2026-04-28-at-2-36-08-pm\/'><img loading=\"lazy\" decoding=\"async\" width=\"150\" height=\"150\" src=\"https:\/\/www.pazyesperanza.org\/co\/wp-content\/uploads\/sites\/10\/2026\/04\/WhatsApp-Image-2026-04-28-at-2.36.08-PM-150x150.jpeg\" class=\"attachment-thumbnail size-thumbnail\" alt=\"\" srcset=\"https:\/\/www.pazyesperanza.org\/co\/wp-content\/uploads\/sites\/10\/2026\/04\/WhatsApp-Image-2026-04-28-at-2.36.08-PM-150x150.jpeg 150w, https:\/\/www.pazyesperanza.org\/co\/wp-content\/uploads\/sites\/10\/2026\/04\/WhatsApp-Image-2026-04-28-at-2.36.08-PM-70x70.jpeg 70w\" sizes=\"auto, (max-width: 150px) 100vw, 150px\" \/><\/a>\n\t\t\t<\/dt><\/dl><br style=\"clear: both\" \/><dl class='gallery-item'>\n\t\t\t<dt class='gallery-icon landscape'>\n\t\t\t\t<a href='https:\/\/www.pazyesperanza.org\/co\/2026\/04\/lanzamiento-de-la-cartilla-de-mision-integral-y-salud-mental\/whatsapp-image-2026-04-28-at-2-36-51-pm\/'><img loading=\"lazy\" decoding=\"async\" width=\"150\" height=\"150\" src=\"https:\/\/www.pazyesperanza.org\/co\/wp-content\/uploads\/sites\/10\/2026\/04\/WhatsApp-Image-2026-04-28-at-2.36.51-PM-150x150.jpeg\" class=\"attachment-thumbnail size-thumbnail\" alt=\"\" srcset=\"https:\/\/www.pazyesperanza.org\/co\/wp-content\/uploads\/sites\/10\/2026\/04\/WhatsApp-Image-2026-04-28-at-2.36.51-PM-150x150.jpeg 150w, https:\/\/www.pazyesperanza.org\/co\/wp-content\/uploads\/sites\/10\/2026\/04\/WhatsApp-Image-2026-04-28-at-2.36.51-PM-70x70.jpeg 70w\" sizes=\"auto, (max-width: 150px) 100vw, 150px\" \/><\/a>\n\t\t\t<\/dt><\/dl><dl class='gallery-item'>\n\t\t\t<dt class='gallery-icon landscape'>\n\t\t\t\t<a href='https:\/\/www.pazyesperanza.org\/co\/2026\/04\/lanzamiento-de-la-cartilla-de-mision-integral-y-salud-mental\/whatsapp-image-2026-04-28-at-2-37-52-pm\/'><img loading=\"lazy\" decoding=\"async\" width=\"150\" height=\"150\" src=\"https:\/\/www.pazyesperanza.org\/co\/wp-content\/uploads\/sites\/10\/2026\/04\/WhatsApp-Image-2026-04-28-at-2.37.52-PM-150x150.jpeg\" class=\"attachment-thumbnail size-thumbnail\" alt=\"\" srcset=\"https:\/\/www.pazyesperanza.org\/co\/wp-content\/uploads\/sites\/10\/2026\/04\/WhatsApp-Image-2026-04-28-at-2.37.52-PM-150x150.jpeg 150w, https:\/\/www.pazyesperanza.org\/co\/wp-content\/uploads\/sites\/10\/2026\/04\/WhatsApp-Image-2026-04-28-at-2.37.52-PM-70x70.jpeg 70w\" sizes=\"auto, (max-width: 150px) 100vw, 150px\" \/><\/a>\n\t\t\t<\/dt><\/dl><dl class='gallery-item'>\n\t\t\t<dt class='gallery-icon landscape'>\n\t\t\t\t<a href='https:\/\/www.pazyesperanza.org\/co\/2026\/04\/lanzamiento-de-la-cartilla-de-mision-integral-y-salud-mental\/whatsapp-image-2026-04-28-at-2-43-27-pm\/'><img loading=\"lazy\" decoding=\"async\" width=\"150\" height=\"150\" src=\"https:\/\/www.pazyesperanza.org\/co\/wp-content\/uploads\/sites\/10\/2026\/04\/WhatsApp-Image-2026-04-28-at-2.43.27-PM-150x150.jpeg\" class=\"attachment-thumbnail size-thumbnail\" alt=\"\" srcset=\"https:\/\/www.pazyesperanza.org\/co\/wp-content\/uploads\/sites\/10\/2026\/04\/WhatsApp-Image-2026-04-28-at-2.43.27-PM-150x150.jpeg 150w, https:\/\/www.pazyesperanza.org\/co\/wp-content\/uploads\/sites\/10\/2026\/04\/WhatsApp-Image-2026-04-28-at-2.43.27-PM-70x70.jpeg 70w\" sizes=\"auto, (max-width: 150px) 100vw, 150px\" \/><\/a>\n\t\t\t<\/dt><\/dl><br style=\"clear: both\" \/><dl class='gallery-item'>\n\t\t\t<dt class='gallery-icon landscape'>\n\t\t\t\t<a href='https:\/\/www.pazyesperanza.org\/co\/2026\/04\/lanzamiento-de-la-cartilla-de-mision-integral-y-salud-mental\/whatsapp-image-2026-04-25-at-11-28-59-am-3\/'><img loading=\"lazy\" decoding=\"async\" width=\"150\" height=\"150\" src=\"https:\/\/www.pazyesperanza.org\/co\/wp-content\/uploads\/sites\/10\/2026\/04\/WhatsApp-Image-2026-04-25-at-11.28.59-AM-1-150x150.jpeg\" class=\"attachment-thumbnail size-thumbnail\" alt=\"\" srcset=\"https:\/\/www.pazyesperanza.org\/co\/wp-content\/uploads\/sites\/10\/2026\/04\/WhatsApp-Image-2026-04-25-at-11.28.59-AM-1-150x150.jpeg 150w, https:\/\/www.pazyesperanza.org\/co\/wp-content\/uploads\/sites\/10\/2026\/04\/WhatsApp-Image-2026-04-25-at-11.28.59-AM-1-70x70.jpeg 70w\" sizes=\"auto, (max-width: 150px) 100vw, 150px\" \/><\/a>\n\t\t\t<\/dt><\/dl>\n\t\t\t<br style='clear: both' \/>\n\t\t<\/div>\n\n","protected":false},"excerpt":{"rendered":"El pasado s\u00e1bado 25 de abril, celebramos el Lanzamiento de la Cartilla de Misi\u00f3n Integral y Salud Mental: Experiencias de mediaci\u00f3n e intervenci\u00f3n pastoral. Agradecemos al Se\u00f1or por este gran logro y a las organizaciones basadas en la fe que junto con Paz y Esperanza Colombia trabajaron mancomunadamente durante un a\u00f1o en el proceso de compilaci\u00f3n de este valioso recurso. Estamos seguros que ser\u00e1 de gran apoyo para el acompa\u00f1amiento pastoral en salud mental hacia las personas, familias y comunidades con quienes trabajamos. &#8220;La participaci\u00f3n activa de las Organizaciones basadas en la fe en la construcci\u00f3n de esta cartilla no solo busca visibilizar sus experiencias, sino tambi\u00e9n abrir un espacio de reflexi\u00f3n donde la fe se reconozca como un componente vivo e inseparable del acompa\u00f1amiento pastoral. Este apartado nace del deseo de aportar miradas significativas que permitan un di\u00e1logo honesto entre la perspectiva cristiana y la salud mental, entendiendo que ambos campos pueden encontrarse y enriquecerse mutuamente. Consideramos este proceso profundamente pertinente, pues lo asumimos como una respuesta al llamado del Se\u00f1or.\u00a0 &#8220;Esfu\u00e9rcense por a\u00f1adir a su fe, virtud, a su virtud, conocimiento&#8221;. 2 Pedro 1:5.\u00a0 (Cartilla de Misi\u00f3n Integral y Salud Mental, p\u00e1gina 6)","protected":false},"author":11,"featured_media":3217,"comment_status":"open","ping_status":"open","sticky":false,"template":"","format":"standard","meta":{"_monsterinsights_skip_tracking":false,"_monsterinsights_sitenote_active":false,"_monsterinsights_sitenote_note":"","_monsterinsights_sitenote_category":0,"footnotes":""},"categories":[59],"tags":[],"class_list":["post-3207","post","type-post","status-publish","format-standard","has-post-thumbnail","hentry","category-noticias"],"yoast_head":"<!-- This site is optimized with the Yoast SEO plugin v16.3 - https:\/\/yoast.com\/wordpress\/plugins\/seo\/ -->\n<title>Lanzamiento de la Cartilla de Misi\u00f3n Integral y Salud Mental - Paz y Esperanza Colombia<\/title>\n<meta name=\"robots\" content=\"index, follow, max-snippet:-1, max-image-preview:large, max-video-preview:-1\" \/>\n<link rel=\"canonical\" href=\"https:\/\/www.pazyesperanza.org\/co\/2026\/04\/lanzamiento-de-la-cartilla-de-mision-integral-y-salud-mental\/\" \/>\n<meta property=\"og:locale\" content=\"es_ES\" \/>\n<meta property=\"og:type\" content=\"article\" \/>\n<meta property=\"og:title\" content=\"Lanzamiento de la Cartilla de Misi\u00f3n Integral y Salud Mental - Paz y Esperanza Colombia\" \/>\n<meta property=\"og:description\" content=\"El pasado s\u00e1bado 25 de abril, celebramos el Lanzamiento de la Cartilla de Misi\u00f3n Integral y Salud Mental: Experiencias de mediaci\u00f3n e intervenci\u00f3n pastoral. Agradecemos al Se\u00f1or por este gran logro y a las organizaciones basadas en la fe que junto con Paz y Esperanza Colombia trabajaron mancomunadamente durante un a\u00f1o en el proceso de compilaci\u00f3n de este valioso recurso. Estamos seguros que ser\u00e1 de gran apoyo para el acompa\u00f1amiento pastoral en salud mental hacia las personas, familias y comunidades con quienes trabajamos. &#8220;La participaci\u00f3n activa de las Organizaciones basadas en la fe en la construcci\u00f3n de esta cartilla no solo busca visibilizar sus experiencias, sino tambi\u00e9n abrir un espacio de reflexi\u00f3n donde la fe se reconozca como un componente vivo e inseparable del acompa\u00f1amiento pastoral. Este apartado nace del deseo de aportar miradas significativas que permitan un di\u00e1logo honesto entre la perspectiva cristiana y la salud mental, entendiendo que ambos campos pueden encontrarse y enriquecerse mutuamente. Consideramos este proceso profundamente pertinente, pues lo asumimos como una respuesta al llamado del Se\u00f1or.\u00a0 &#8220;Esfu\u00e9rcense por a\u00f1adir a su fe, virtud, a su virtud, conocimiento&#8221;. 2 Pedro 1:5.\u00a0 (Cartilla de Misi\u00f3n Integral y Salud Mental, p\u00e1gina 6)\" \/>\n<meta property=\"og:url\" content=\"https:\/\/www.pazyesperanza.org\/co\/2026\/04\/lanzamiento-de-la-cartilla-de-mision-integral-y-salud-mental\/\" \/>\n<meta property=\"og:site_name\" content=\"Paz y Esperanza Colombia\" \/>\n<meta property=\"article:published_time\" content=\"2026-04-28T21:17:35+00:00\" \/>\n<meta property=\"article:modified_time\" content=\"2026-04-28T21:24:40+00:00\" \/>\n<meta property=\"og:image\" content=\"https:\/\/www.pazyesperanza.org\/co\/wp-content\/uploads\/sites\/10\/2026\/04\/WhatsApp-Image-2026-04-25-at-11.28.59-AM-1.jpeg\" \/>\n\t<meta property=\"og:image:width\" content=\"1280\" \/>\n\t<meta property=\"og:image:height\" content=\"960\" \/>\n<meta name=\"twitter:card\" content=\"summary_large_image\" \/>\n<meta name=\"twitter:label1\" content=\"Tiempo de lectura\">\n\t<meta name=\"twitter:data1\" content=\"1 minuto\">\n<script type=\"application\/ld+json\" class=\"yoast-schema-graph\">{\"@context\":\"https:\/\/schema.org\",\"@graph\":[{\"@type\":\"WebSite\",\"@id\":\"https:\/\/www.pazyesperanza.org\/co\/#website\",\"url\":\"https:\/\/www.pazyesperanza.org\/co\/\",\"name\":\"Paz y Esperanza Colombia\",\"description\":\"Apasionados por la justicia\",\"potentialAction\":[{\"@type\":\"SearchAction\",\"target\":\"https:\/\/www.pazyesperanza.org\/co\/?s={search_term_string}\",\"query-input\":\"required name=search_term_string\"}],\"inLanguage\":\"es\"},{\"@type\":\"ImageObject\",\"@id\":\"https:\/\/www.pazyesperanza.org\/co\/2026\/04\/lanzamiento-de-la-cartilla-de-mision-integral-y-salud-mental\/#primaryimage\",\"inLanguage\":\"es\",\"url\":\"https:\/\/www.pazyesperanza.org\/co\/wp-content\/uploads\/sites\/10\/2026\/04\/WhatsApp-Image-2026-04-25-at-11.28.59-AM-1.jpeg\",\"contentUrl\":\"https:\/\/www.pazyesperanza.org\/co\/wp-content\/uploads\/sites\/10\/2026\/04\/WhatsApp-Image-2026-04-25-at-11.28.59-AM-1.jpeg\",\"width\":1280,\"height\":960},{\"@type\":\"WebPage\",\"@id\":\"https:\/\/www.pazyesperanza.org\/co\/2026\/04\/lanzamiento-de-la-cartilla-de-mision-integral-y-salud-mental\/#webpage\",\"url\":\"https:\/\/www.pazyesperanza.org\/co\/2026\/04\/lanzamiento-de-la-cartilla-de-mision-integral-y-salud-mental\/\",\"name\":\"Lanzamiento de la Cartilla de Misi\\u00f3n Integral y Salud Mental - Paz y Esperanza Colombia\",\"isPartOf\":{\"@id\":\"https:\/\/www.pazyesperanza.org\/co\/#website\"},\"primaryImageOfPage\":{\"@id\":\"https:\/\/www.pazyesperanza.org\/co\/2026\/04\/lanzamiento-de-la-cartilla-de-mision-integral-y-salud-mental\/#primaryimage\"},\"datePublished\":\"2026-04-28T21:17:35+00:00\",\"dateModified\":\"2026-04-28T21:24:40+00:00\",\"author\":{\"@id\":\"https:\/\/www.pazyesperanza.org\/co\/#\/schema\/person\/3a915b784f034d11158978d3f7d67459\"},\"breadcrumb\":{\"@id\":\"https:\/\/www.pazyesperanza.org\/co\/2026\/04\/lanzamiento-de-la-cartilla-de-mision-integral-y-salud-mental\/#breadcrumb\"},\"inLanguage\":\"es\",\"potentialAction\":[{\"@type\":\"ReadAction\",\"target\":[\"https:\/\/www.pazyesperanza.org\/co\/2026\/04\/lanzamiento-de-la-cartilla-de-mision-integral-y-salud-mental\/\"]}]},{\"@type\":\"BreadcrumbList\",\"@id\":\"https:\/\/www.pazyesperanza.org\/co\/2026\/04\/lanzamiento-de-la-cartilla-de-mision-integral-y-salud-mental\/#breadcrumb\",\"itemListElement\":[{\"@type\":\"ListItem\",\"position\":1,\"item\":{\"@type\":\"WebPage\",\"@id\":\"https:\/\/www.pazyesperanza.org\/co\/\",\"url\":\"https:\/\/www.pazyesperanza.org\/co\/\",\"name\":\"Portada\"}},{\"@type\":\"ListItem\",\"position\":2,\"item\":{\"@id\":\"https:\/\/www.pazyesperanza.org\/co\/2026\/04\/lanzamiento-de-la-cartilla-de-mision-integral-y-salud-mental\/#webpage\"}}]},{\"@type\":\"Person\",\"@id\":\"https:\/\/www.pazyesperanza.org\/co\/#\/schema\/person\/3a915b784f034d11158978d3f7d67459\",\"name\":\"admin-co\",\"image\":{\"@type\":\"ImageObject\",\"@id\":\"https:\/\/www.pazyesperanza.org\/co\/#personlogo\",\"inLanguage\":\"es\",\"url\":\"https:\/\/secure.gravatar.com\/avatar\/a08a00c029b58b6bea48df24dc892a7e1ea42667aa872271d629af1390315551?s=96&d=mm&r=g\",\"contentUrl\":\"https:\/\/secure.gravatar.com\/avatar\/a08a00c029b58b6bea48df24dc892a7e1ea42667aa872271d629af1390315551?s=96&d=mm&r=g\",\"caption\":\"admin-co\"},\"url\":\"https:\/\/www.pazyesperanza.org\/co\/author\/co\/\"}]}<\/script>\n<!-- \/ Yoast SEO plugin. -->","_links":{"self":[{"href":"https:\/\/www.pazyesperanza.org\/co\/wp-json\/wp\/v2\/posts\/3207","targetHints":{"allow":["GET"]}}],"collection":[{"href":"https:\/\/www.pazyesperanza.org\/co\/wp-json\/wp\/v2\/posts"}],"about":[{"href":"https:\/\/www.pazyesperanza.org\/co\/wp-json\/wp\/v2\/types\/post"}],"author":[{"embeddable":true,"href":"https:\/\/www.pazyesperanza.org\/co\/wp-json\/wp\/v2\/users\/11"}],"replies":[{"embeddable":true,"href":"https:\/\/www.pazyesperanza.org\/co\/wp-json\/wp\/v2\/comments?post=3207"}],"version-history":[{"count":3,"href":"https:\/\/www.pazyesperanza.org\/co\/wp-json\/wp\/v2\/posts\/3207\/revisions"}],"predecessor-version":[{"id":3220,"href":"https:\/\/www.pazyesperanza.org\/co\/wp-json\/wp\/v2\/posts\/3207\/revisions\/3220"}],"wp:featuredmedia":[{"embeddable":true,"href":"https:\/\/www.pazyesperanza.org\/co\/wp-json\/wp\/v2\/media\/3217"}],"wp:attachment":[{"href":"https:\/\/www.pazyesperanza.org\/co\/wp-json\/wp\/v2\/media?parent=3207"}],"wp:term":[{"taxonomy":"category","embeddable":true,"href":"https:\/\/www.pazyesperanza.org\/co\/wp-json\/wp\/v2\/categories?post=3207"},{"taxonomy":"post_tag","embeddable":true,"href":"https:\/\/www.pazyesperanza.org\/co\/wp-json\/wp\/v2\/tags?post=3207"}],"curies":[{"name":"wp","href":"https:\/\/api.w.org\/{rel}","templated":true}]}}